{"id":789,"date":"2023-02-16T13:06:09","date_gmt":"2023-02-16T12:06:09","guid":{"rendered":"https:\/\/kampanj.na.se\/idrottsgalan\/?p=789"},"modified":"2026-01-22T11:03:41","modified_gmt":"2026-01-22T10:03:41","slug":"per-johan-behrn-ungdomarna-ar-var-framtid","status":"publish","type":"post","link":"https:\/\/kampanj.na.se\/idrottsgalan\/per-johan-behrn-ungdomarna-ar-var-framtid\/","title":{"rendered":"Per Johan Behrn: \u201dUngdomarna \u00e4r v\u00e5r framtid\u201d"},"content":{"rendered":"<p>[et_pb_section fb_built=&#8221;1&#8243; disabled_on=&#8221;on|on|on&#8221; _builder_version=&#8221;4.19.4&#8243; _module_preset=&#8221;default&#8221; background_image=&#8221;https:\/\/kampanj.na.se\/idrottsgalan\/wp-content\/uploads\/2022\/11\/BB190805FK068-scaled.jpg&#8221; height=&#8221;75vh&#8221; height_tablet=&#8221;80vh&#8221; height_phone=&#8221;80vh&#8221; height_last_edited=&#8221;on|phone&#8221; disabled=&#8221;on&#8221; global_colors_info=&#8221;{}&#8221;][et_pb_row _builder_version=&#8221;4.18.0&#8243; _module_preset=&#8221;default&#8221; positioning=&#8221;absolute&#8221; position_origin_a=&#8221;bottom_right&#8221; width=&#8221;100%&#8221; max_width=&#8221;100%&#8221; global_colors_info=&#8221;{}&#8221;][et_pb_column type=&#8221;4_4&#8243; _builder_version=&#8221;4.18.0&#8243; _module_preset=&#8221;default&#8221; global_colors_info=&#8221;{}&#8221;][et_pb_text _builder_version=&#8221;4.18.0&#8243; _module_preset=&#8221;default&#8221; header_font=&#8221;TiemposHeadlineRegular||||||||&#8221; header_text_color=&#8221;#FFFFFF&#8221; header_font_size=&#8221;96px&#8221; text_orientation=&#8221;right&#8221; custom_padding=&#8221;|32px|||false|false&#8221; header_text_align_tablet=&#8221;right&#8221; header_text_align_phone=&#8221;right&#8221; header_text_align_last_edited=&#8221;on|tablet&#8221; header_font_size_tablet=&#8221;78px&#8221; header_font_size_phone=&#8221;42px&#8221; header_font_size_last_edited=&#8221;on|tablet&#8221; global_colors_info=&#8221;{}&#8221;]<\/p>\n<h1>En rubrik om en native<\/h1>\n<p>[\/et_pb_text][\/et_pb_column][\/et_pb_row][\/et_pb_section][et_pb_section fb_built=&#8221;1&#8243; _builder_version=&#8221;4.18.0&#8243; _module_preset=&#8221;default&#8221; background_color=&#8221;#dbc193&#8243; positioning=&#8221;fixed&#8221; position_origin_f=&#8221;bottom_center&#8221; z_index=&#8221;9999999999&#8243; custom_margin=&#8221;0px|0px|0px|0px|true|true&#8221; custom_padding=&#8221;0px|0px|0px|0px|true|true&#8221; global_colors_info=&#8221;{}&#8221;][et_pb_row _builder_version=&#8221;4.18.0&#8243; _module_preset=&#8221;default&#8221; custom_padding=&#8221;20px||20px||true|false&#8221; global_colors_info=&#8221;{}&#8221;][et_pb_column type=&#8221;4_4&#8243; _builder_version=&#8221;4.18.0&#8243; _module_preset=&#8221;default&#8221; global_colors_info=&#8221;{}&#8221;][et_pb_text _builder_version=&#8221;4.18.0&#8243; _module_preset=&#8221;default&#8221; text_font=&#8221;Inter|||on|||||&#8221; text_text_color=&#8221;#0b2c53&#8243; text_font_size=&#8221;12px&#8221; text_letter_spacing=&#8221;4px&#8221; custom_margin=&#8221;|0px|||false|false&#8221; custom_padding=&#8221;||0px||false|false&#8221; global_colors_info=&#8221;{}&#8221;]<\/p>\n<p style=\"text-align: center;\">15 Februari \u00d6rebro Idrottsgala 2023<\/p>\n<p>[\/et_pb_text][\/et_pb_column][\/et_pb_row][\/et_pb_section][et_pb_section fb_built=&#8221;1&#8243; _builder_version=&#8221;4.18.0&#8243; _module_preset=&#8221;default&#8221; custom_padding=&#8221;0px||0px||false|false&#8221; global_module=&#8221;143&#8243; saved_tabs=&#8221;all&#8221; global_colors_info=&#8221;{}&#8221;][et_pb_row disabled_on=&#8221;on|on|on&#8221; module_class=&#8221;galameny&#8221; _builder_version=&#8221;4.18.0&#8243; _module_preset=&#8221;default&#8221; width=&#8221;100%&#8221; max_width=&#8221;100%&#8221; custom_padding=&#8221;0px||0px||false|false&#8221; disabled=&#8221;on&#8221; global_colors_info=&#8221;{}&#8221;][et_pb_column type=&#8221;4_4&#8243; _builder_version=&#8221;4.18.0&#8243; _module_preset=&#8221;default&#8221; global_colors_info=&#8221;{}&#8221;][et_pb_menu _builder_version=&#8221;4.18.0&#8243; _module_preset=&#8221;default&#8221; min_height=&#8221;25px&#8221; global_colors_info=&#8221;{}&#8221;][\/et_pb_menu][\/et_pb_column][\/et_pb_row][\/et_pb_section][et_pb_section fb_built=&#8221;1&#8243; admin_label=&#8221;Section&#8221; _builder_version=&#8221;4.19.4&#8243; _module_preset=&#8221;default&#8221; background_color=&#8221;#f2f2f2&#8243; background_enable_image=&#8221;off&#8221; background_size=&#8221;custom&#8221; background_image_width=&#8221;100%&#8221; background_repeat=&#8221;repeat&#8221; custom_padding=&#8221;0px||0px|||&#8221; global_colors_info=&#8221;{}&#8221;][et_pb_row _builder_version=&#8221;4.19.4&#8243; _module_preset=&#8221;default&#8221; background_color=&#8221;#FFFFFF&#8221; width_tablet=&#8221;&#8221; width_phone=&#8221;100%&#8221; width_last_edited=&#8221;on|phone&#8221; max_width=&#8221;900px&#8221; custom_padding=&#8221;0px||0px||false|false&#8221; global_colors_info=&#8221;{}&#8221;][et_pb_column type=&#8221;4_4&#8243; _builder_version=&#8221;4.19.4&#8243; _module_preset=&#8221;default&#8221; global_colors_info=&#8221;{}&#8221;][et_pb_text _builder_version=&#8221;4.27.5&#8243; _module_preset=&#8221;default&#8221; text_font=&#8221;Inter|600|||||||&#8221; text_text_color=&#8221;#000000&#8243; text_font_size=&#8221;16px&#8221; text_line_height=&#8221;1.2em&#8221; background_color=&#8221;#d9d9d9&#8243; text_orientation=&#8221;center&#8221; custom_margin=&#8221;0px||0px||false|false&#8221; custom_padding=&#8221;10px||10px||true|false&#8221; hover_enabled=&#8221;0&#8243; global_colors_info=&#8221;{}&#8221; sticky_enabled=&#8221;0&#8243;]Inneh\u00e5ll fr\u00e5n Behrn Fastigheter AB &#8211; stolt partner till \u00d6rebro idrottsgala[\/et_pb_text][et_pb_image src=&#8221;https:\/\/kampanj.na.se\/idrottsgalan\/wp-content\/uploads\/2023\/02\/behrn-2-1-ny.jpg&#8221; title_text=&#8221;behrn-2-1-ny&#8221; _builder_version=&#8221;4.19.5&#8243; _module_preset=&#8221;default&#8221; custom_margin=&#8221;||0px||false|false&#8221; custom_padding=&#8221;||0px||false|false&#8221; global_colors_info=&#8221;{}&#8221;][\/et_pb_image][et_pb_text _builder_version=&#8221;4.19.5&#8243; _module_preset=&#8221;default&#8221; text_font=&#8221;Inter||||||||&#8221; text_line_height=&#8221;1.5em&#8221; width=&#8221;640px&#8221; width_tablet=&#8221;80%&#8221; width_phone=&#8221;90%&#8221; width_last_edited=&#8221;on|phone&#8221; module_alignment=&#8221;center&#8221; custom_margin=&#8221;||0px||false|false&#8221; custom_padding=&#8221;10px||0px||false|true&#8221; custom_padding_tablet=&#8221;|70px|0px|70px|false|true&#8221; custom_padding_phone=&#8221;|30px|0px|30px|false|true&#8221; custom_padding_last_edited=&#8221;off|desktop&#8221; locked=&#8221;off&#8221; global_colors_info=&#8221;{}&#8221;]<\/p>\n<p>Christian Behrn, Per Johan Behrn och Caroline Behrn.<br \/>Bild: Ove Lundqvist<\/p>\n<p>[\/et_pb_text][\/et_pb_column][\/et_pb_row][et_pb_row custom_padding_last_edited=&#8221;on|phone&#8221; _builder_version=&#8221;4.19.4&#8243; _module_preset=&#8221;default&#8221; background_color=&#8221;#FFFFFF&#8221; width_tablet=&#8221;80%&#8221; width_phone=&#8221;100%&#8221; width_last_edited=&#8221;on|desktop&#8221; max_width=&#8221;900px&#8221; custom_padding=&#8221;50px||50px||true|false&#8221; custom_padding_tablet=&#8221;||||true|false&#8221; custom_padding_phone=&#8221;30px||30px||true|false&#8221; global_colors_info=&#8221;{}&#8221;][et_pb_column type=&#8221;4_4&#8243; _builder_version=&#8221;4.18.0&#8243; _module_preset=&#8221;default&#8221; background_color=&#8221;#FFFFFF&#8221; global_colors_info=&#8221;{}&#8221;][et_pb_text _builder_version=&#8221;4.19.5&#8243; _module_preset=&#8221;default&#8221; text_font=&#8221;TiemposHeadlineRegular||||||||&#8221; header_font=&#8221;TiemposHeadlineBold||||||||&#8221; header_text_color=&#8221;#000000&#8243; header_font_size=&#8221;55px&#8221; header_2_font=&#8221;||||||||&#8221; header_2_text_color=&#8221;#dbc193&#8243; header_2_font_size=&#8221;24px&#8221; header_2_line_height=&#8221;1.3em&#8221; background_color=&#8221;RGBA(255,255,255,0)&#8221; width=&#8221;640px&#8221; width_tablet=&#8221;80%&#8221; width_phone=&#8221;90%&#8221; width_last_edited=&#8221;on|phone&#8221; module_alignment=&#8221;center&#8221; custom_margin=&#8221;||12px|||&#8221; header_font_size_tablet=&#8221;42px&#8221; header_font_size_phone=&#8221;30px&#8221; header_font_size_last_edited=&#8221;on|phone&#8221; header_2_font_size_tablet=&#8221;24px&#8221; header_2_font_size_phone=&#8221;20px&#8221; header_2_font_size_last_edited=&#8221;on|phone&#8221; global_colors_info=&#8221;{}&#8221;]<\/p>\n<h1>Per Johan Behrn: \u201dUngdomarna \u00e4r v\u00e5r framtid\u201d<\/h1>\n<h2>S\u00e4g \u00d6rebro, idrott och Behrn \u2013 och m\u00e5nga t\u00e4nker p\u00e5 de namngivna arenorna i stadens centrum. Men Per Johan Behrns intresse str\u00e4cker sig l\u00e4ngre \u00e4n s\u00e5.<br \/>\n<span class=\"indenta\">\u2013 F\u00f6reningslivet \u00e4r fantastiskt och vi f\u00e5r inte f\u00f6rlora det, s\u00e4ger han.<\/span><\/h2>\n<p>[\/et_pb_text][et_pb_text _builder_version=&#8221;4.19.5&#8243; _module_preset=&#8221;default&#8221; text_font=&#8221;Inter||||||||&#8221; text_text_color=&#8221;#000000&#8243; text_font_size=&#8221;18px&#8221; text_line_height=&#8221;1.5em&#8221; header_font=&#8221;TiemposHeadlineRegular||||||||&#8221; header_2_font=&#8221;Inter|700|||||||&#8221; header_2_text_color=&#8221;#000000&#8243; header_2_font_size=&#8221;24px&#8221; width=&#8221;640px&#8221; width_tablet=&#8221;80%&#8221; width_phone=&#8221;90%&#8221; width_last_edited=&#8221;on|phone&#8221; module_alignment=&#8221;center&#8221; custom_margin=&#8221;||0px||false|false&#8221; custom_padding=&#8221;||0px||false|false&#8221; header_2_font_size_tablet=&#8221;24px&#8221; header_2_font_size_phone=&#8221;22px&#8221; header_2_font_size_last_edited=&#8221;on|phone&#8221; global_colors_info=&#8221;{}&#8221;]<\/p>\n<p>Att \u00d6rebro l\u00e4n varit ett idrottsl\u00e4n i framkant genom \u00e5ren \u00e4r det nog ingen som tvekar p\u00e5. Med \u00d6rebro SK och Degerfors finns tv\u00e5 elitlag i herrfotboll, Kif \u00d6rebro \u00e5terfinns i damallsvenskan. \u00d6rebro Hockey har etablerat sig i SHL. Lindesberg g\u00f6r bes\u00f6k i h\u00f6gsta serien i handboll d\u00e5 och d\u00e5. Innebandyklubbarna likas\u00e5. Och KFUM \u00d6rebro vann tio SM-guld f\u00f6r damer i volleyboll 1996\u20132008.<\/p>\n<p>D\u00e4r \u00e4r elitidrotten \u2013 den som \u00e4r s\u00e5 viktig f\u00f6r att \u00f6ka l\u00e4nets attraktionsv\u00e4rde, men ocks\u00e5 f\u00f6r att skapa f\u00f6rebilder.<\/p>\n<p>\u2013 F\u00f6reningslivet \u00e4r fantastiskt och vi f\u00e5r inte f\u00f6rlora det. Folk som bakar, s\u00e4ljer lotter, alla som hj\u00e4lper till ute i v\u00e5ra f\u00f6reningar. De \u00e4r ocks\u00e5 v\u00e4rda uppm\u00e4rksamhet och d\u00e4rf\u00f6r k\u00e4nns idrottsgalan givet att vara en del av, s\u00e4ger Per Johan Behrn.<\/p>\n<p>[\/et_pb_text][et_pb_image src=&#8221;https:\/\/kampanj.na.se\/idrottsgalan\/wp-content\/uploads\/2023\/02\/behrn-2-2.jpeg&#8221; title_text=&#8221;behrn-2-2&#8243; _builder_version=&#8221;4.19.5&#8243; _module_preset=&#8221;default&#8221; width=&#8221;640px&#8221; width_tablet=&#8221;80%&#8221; width_phone=&#8221;90%&#8221; width_last_edited=&#8221;on|phone&#8221; module_alignment=&#8221;center&#8221; custom_margin=&#8221;35px||10px||false|false&#8221; custom_padding=&#8221;0px||0px||false|false&#8221; global_colors_info=&#8221;{}&#8221;][\/et_pb_image][et_pb_text _builder_version=&#8221;4.19.5&#8243; _module_preset=&#8221;default&#8221; text_font=&#8221;Inter||||||||&#8221; text_line_height=&#8221;1.5em&#8221; width=&#8221;640px&#8221; width_tablet=&#8221;80%&#8221; width_phone=&#8221;90%&#8221; width_last_edited=&#8221;on|tablet&#8221; module_alignment=&#8221;center&#8221; custom_margin=&#8221;||0px||false|false&#8221; custom_padding=&#8221;0px||30px||false|false&#8221; global_colors_info=&#8221;{}&#8221;]<\/p>\n<p>Spelare fr\u00e5n \u00d6rebro SK och personal fr\u00e5n Behrn.<br \/>Bild: Lars-G\u00f6ran Jansson<\/p>\n<p>[\/et_pb_text][et_pb_text _builder_version=&#8221;4.19.5&#8243; _module_preset=&#8221;default&#8221; text_font=&#8221;Inter||||||||&#8221; text_text_color=&#8221;#000000&#8243; text_font_size=&#8221;18px&#8221; text_line_height=&#8221;1.5em&#8221; header_font=&#8221;TiemposHeadlineRegular||||||||&#8221; header_2_font=&#8221;Inter|700|||||||&#8221; header_2_text_color=&#8221;#000000&#8243; header_2_font_size=&#8221;24px&#8221; width=&#8221;640px&#8221; width_tablet=&#8221;80%&#8221; width_phone=&#8221;90%&#8221; width_last_edited=&#8221;on|phone&#8221; module_alignment=&#8221;center&#8221; header_2_font_size_tablet=&#8221;24px&#8221; header_2_font_size_phone=&#8221;22px&#8221; header_2_font_size_last_edited=&#8221;on|phone&#8221; global_colors_info=&#8221;{}&#8221;]Han \u00e5syftar \u00d6rebro Idrottsgala som kommer att arrangeras p\u00e5 Conventum den 15 februari, d\u00e4r man kommer att hylla och prisa b\u00e5de elit och bredd.<\/p>\n<p>\u2013 Det finns just en oerh\u00f6rd bredd i \u00d6rebro. Vi har en del elitlag och n\u00e5gra riktigt bra individuella idrottare. Kanske att den riktiga spetsen saknas, men ist\u00e4llet har vi m\u00e5ngfalden och den \u00e4r nog s\u00e5 viktig, s\u00e4ger Per Johan Behrn.[\/et_pb_text][et_pb_image src=&#8221;https:\/\/kampanj.na.se\/idrottsgalan\/wp-content\/uploads\/2023\/01\/idrottsgalan-behrn.jpg&#8221; title_text=&#8221;idrottsgalan-behrn&#8221; _builder_version=&#8221;4.19.5&#8243; _module_preset=&#8221;default&#8221; width=&#8221;640px&#8221; width_tablet=&#8221;80%&#8221; width_phone=&#8221;90%&#8221; width_last_edited=&#8221;on|phone&#8221; module_alignment=&#8221;center&#8221; custom_margin=&#8221;35px||10px||false|false&#8221; custom_padding=&#8221;0px||0px||false|false&#8221; global_colors_info=&#8221;{}&#8221;][\/et_pb_image][et_pb_text _builder_version=&#8221;4.19.5&#8243; _module_preset=&#8221;default&#8221; text_font=&#8221;Inter||||||||&#8221; text_line_height=&#8221;1.5em&#8221; width=&#8221;640px&#8221; width_tablet=&#8221;80%&#8221; width_phone=&#8221;90%&#8221; width_last_edited=&#8221;on|tablet&#8221; module_alignment=&#8221;center&#8221; custom_margin=&#8221;||0px||false|false&#8221; custom_padding=&#8221;0px||30px||false|false&#8221; global_colors_info=&#8221;{}&#8221;]<\/p>\n<p>Caroline Behrn, Per Johan Behrn och Christian Behrn.<br \/>Bild: Ove Lundqvist<\/p>\n<p>[\/et_pb_text][et_pb_text _builder_version=&#8221;4.19.5&#8243; _module_preset=&#8221;default&#8221; text_font=&#8221;Inter||||||||&#8221; text_text_color=&#8221;#000000&#8243; text_font_size=&#8221;18px&#8221; text_line_height=&#8221;1.5em&#8221; header_font=&#8221;TiemposHeadlineRegular||||||||&#8221; header_2_font=&#8221;Inter|700|||||||&#8221; header_2_text_color=&#8221;#000000&#8243; header_2_font_size=&#8221;24px&#8221; width=&#8221;640px&#8221; width_tablet=&#8221;80%&#8221; width_phone=&#8221;90%&#8221; width_last_edited=&#8221;on|phone&#8221; module_alignment=&#8221;center&#8221; header_2_font_size_tablet=&#8221;24px&#8221; header_2_font_size_phone=&#8221;22px&#8221; header_2_font_size_last_edited=&#8221;on|phone&#8221; global_colors_info=&#8221;{}&#8221;]<\/p>\n<p><strong>Vad har du f\u00f6r f\u00f6rv\u00e4ntning p\u00e5 idrottsgalan?<\/strong><\/p>\n<p>\u2013 Det \u00e4r en v\u00e4ldigt bra tajming att ha den nu. Det har varit tuffa tider med f\u00f6rst en pandemi, sedan p\u00e5g\u00e5ende krig i Europa och inflation och stigande r\u00e4ntor och elpriser. F\u00f6r mig kommer den att st\u00e5 f\u00f6r n\u00e5got hoppfullt, att vi kan f\u00f6ra saker fram\u00e5t tillsammans. Det \u00e4r viktigt att h\u00e5lla ihop i sv\u00e5ra tider och se positivt fram\u00e5t. Sen brinner jag f\u00f6r min stad och vill att det fina vi har ska finnas kvar och bli b\u00e4ttre, svarar han, och forts\u00e4tter:<\/p>\n<p>\u2013 Det \u00e4r h\u00e4rligt att ge idrotten en egen kv\u00e4ll med den gl\u00e4dje och gemenskap som den st\u00e5r f\u00f6r. Breddidrotten m\u00e5ste f\u00e5 uppm\u00e4rksamhet, inte minst f\u00f6r sin f\u00f6rm\u00e5ga att f\u00e5nga upp ungdomar. Det skapas en samh\u00f6righet och en laganda som betyder v\u00e4ldigt mycket f\u00f6r m\u00e5nga. Ungdomarna \u00e4r v\u00e5r framtid.<\/p>\n<p>[\/et_pb_text][et_pb_text _builder_version=&#8221;4.19.4&#8243; _module_preset=&#8221;default&#8221; text_font=&#8221;Inter||||||||&#8221; text_text_color=&#8221;#000000&#8243; text_font_size=&#8221;16px&#8221; text_line_height=&#8221;1.5em&#8221; header_font=&#8221;TiemposHeadlineRegular||||||||&#8221; header_2_font=&#8221;TiemposHeadlineBold|700|||||||&#8221; header_2_text_color=&#8221;#000000&#8243; header_2_font_size=&#8221;24px&#8221; background_color=&#8221;#eaeaea&#8221; width=&#8221;640px&#8221; width_tablet=&#8221;80%&#8221; width_phone=&#8221;90%&#8221; width_last_edited=&#8221;on|phone&#8221; module_alignment=&#8221;center&#8221; custom_margin=&#8221;30px||||false|false&#8221; custom_padding=&#8221;30px|30px|30px|30px|true|true&#8221; header_2_font_size_tablet=&#8221;24px&#8221; header_2_font_size_phone=&#8221;22px&#8221; header_2_font_size_last_edited=&#8221;on|phone&#8221; global_colors_info=&#8221;{}&#8221;]<\/p>\n<h6>FAKTA<\/h6>\n<h2>\u00d6rebro idrottsgala<\/h2>\n<p><strong>Var:<\/strong> Conventum.<br \/><strong>N\u00e4r:<\/strong> Den 15 februari.<br \/><strong>K\u00f6pa biljett:<\/strong> Se l\u00e4nkar i texten ovanf\u00f6r, via dem kan man som idrotts- eller galaintresserad skaffa sig biljetter till galan.<br \/><strong>Varf\u00f6r:<\/strong> Nerikes Allehanda vill tillsammans med en rad partners uppm\u00e4rksamma s\u00e5v\u00e4l elit- som breddidrotten i \u00d6rebro l\u00e4n samt de eldsj\u00e4lar som driver f\u00f6reningslivet fram\u00e5t.<br \/><strong>Vilka som kommer:<\/strong> F.d. elitidrottare och stora profiler fr\u00e5n l\u00e4net. Massor av nuvarande stj\u00e4rnor inom f\u00f6reningslivet, men ocks\u00e5 de som verkar i det tysta. Artisterna Chris Kl\u00e4fford och Hanna Ferm underh\u00e5ller. Galan leds av tv-profilen Jessica Almen\u00e4s.<\/p>\n<p>[\/et_pb_text][\/et_pb_column][\/et_pb_row][\/et_pb_section][et_pb_section fb_built=&#8221;1&#8243; _builder_version=&#8221;4.19.4&#8243; _module_preset=&#8221;default&#8221; background_color=&#8221;#e6e6e6&#8243; custom_margin=&#8221;0px||0px||false|false&#8221; custom_padding=&#8221;0px||0px||false|false&#8221; global_module=&#8221;544&#8243; saved_tabs=&#8221;all&#8221; global_colors_info=&#8221;{}&#8221;][et_pb_row custom_padding_last_edited=&#8221;on|phone&#8221; _builder_version=&#8221;4.19.4&#8243; _module_preset=&#8221;default&#8221; width_tablet=&#8221;&#8221; width_phone=&#8221;100%&#8221; width_last_edited=&#8221;on|phone&#8221; max_width=&#8221;900px&#8221; custom_padding=&#8221;|140px||140px|false|true&#8221; custom_padding_tablet=&#8221;|70px||70px|false|true&#8221; custom_padding_phone=&#8221;|30px||30px|false|true&#8221; global_colors_info=&#8221;{}&#8221;][et_pb_column type=&#8221;4_4&#8243; _builder_version=&#8221;4.19.4&#8243; _module_preset=&#8221;default&#8221; global_colors_info=&#8221;{}&#8221;][et_pb_text _builder_version=&#8221;4.19.4&#8243; _module_preset=&#8221;default&#8221; text_font=&#8221;Inter|600|||||||&#8221; text_text_color=&#8221;#000000&#8243; text_font_size=&#8221;16px&#8221; global_colors_info=&#8221;{}&#8221;]<\/p>\n<p>Denna text \u00e4r en annons producerad av Bonnier News Brand Studio och inte av Nerikes Allehandas redaktion. Vill du veta mer om hur vi arbetar med denna typ av material f\u00e5r du g\u00e4rna kontakta oss p\u00e5 <a href=\"mailto:cm.native@bonniernews.se\" target=\"_blank\" rel=\"noopener\">cm.native@bonniernews.se<\/a><\/p>\n<p>[\/et_pb_text][\/et_pb_column][\/et_pb_row][\/et_pb_section][et_pb_section fb_built=&#8221;1&#8243; _builder_version=&#8221;4.19.4&#8243; _module_preset=&#8221;default&#8221; background_color=&#8221;#f2f2f2&#8243; custom_padding=&#8221;0px||10px||false|false&#8221; global_module=&#8221;644&#8243; saved_tabs=&#8221;all&#8221; global_colors_info=&#8221;{}&#8221;][et_pb_row _builder_version=&#8221;4.19.4&#8243; _module_preset=&#8221;default&#8221; custom_padding=&#8221;40px||20px||false|false&#8221; global_colors_info=&#8221;{}&#8221;][et_pb_column type=&#8221;4_4&#8243; _builder_version=&#8221;4.19.4&#8243; _module_preset=&#8221;default&#8221; global_colors_info=&#8221;{}&#8221;][et_pb_text _builder_version=&#8221;4.19.4&#8243; _module_preset=&#8221;default&#8221; text_font=&#8221;TiemposHeadlineBold||||||||&#8221; text_text_color=&#8221;#1d3965&#8243; header_3_font=&#8221;TiemposHeadlineBold||||||||&#8221; header_3_text_color=&#8221;#1d3965&#8243; header_3_font_size=&#8221;26px&#8221; text_orientation=&#8221;center&#8221; header_3_font_size_tablet=&#8221;&#8221; header_3_font_size_phone=&#8221;&#8221; header_3_font_size_last_edited=&#8221;on|phone&#8221; global_colors_info=&#8221;{}&#8221;]<\/p>\n<h3>Alla artiklar<\/h3>\n<p>[\/et_pb_text][\/et_pb_column][\/et_pb_row][et_pb_row _builder_version=&#8221;4.19.4&#8243; _module_preset=&#8221;default&#8221; width=&#8221;90%&#8221; max_width=&#8221;1350px&#8221; custom_padding=&#8221;0px||0px||false|false&#8221; global_colors_info=&#8221;{}&#8221;][et_pb_column type=&#8221;4_4&#8243; _builder_version=&#8221;4.19.4&#8243; _module_preset=&#8221;default&#8221; global_colors_info=&#8221;{}&#8221;][et_pb_blog fullwidth=&#8221;off&#8221; posts_number=&#8221;100&#8243; include_categories=&#8221;all&#8221; use_manual_excerpt=&#8221;off&#8221; show_author=&#8221;off&#8221; show_date=&#8221;off&#8221; show_categories=&#8221;off&#8221; show_excerpt=&#8221;off&#8221; show_pagination=&#8221;off&#8221; module_class=&#8221;more-articles article-list et_blog_grid_equal_height&#8221; _builder_version=&#8221;4.19.4&#8243; _module_preset=&#8221;default&#8221; header_font=&#8221;TiemposHeadlineBold||||||||&#8221; header_font_size=&#8221;20px&#8221; custom_margin=&#8221;||||false|false&#8221; border_width_all=&#8221;0px&#8221; global_colors_info=&#8221;{}&#8221;][\/et_pb_blog][\/et_pb_column][\/et_pb_row][\/et_pb_section][et_pb_section fb_built=&#8221;1&#8243; disabled_on=&#8221;on|on|on&#8221; admin_label=&#8221;Section&#8221; _builder_version=&#8221;4.19.4&#8243; _module_preset=&#8221;default&#8221; custom_padding=&#8221;0px||0px||false|false&#8221; disabled=&#8221;on&#8221; global_colors_info=&#8221;{}&#8221;][et_pb_row _builder_version=&#8221;4.18.0&#8243; _module_preset=&#8221;default&#8221; background_image=&#8221;https:\/\/kampanj.na.se\/idrottsgalan\/wp-content\/uploads\/2022\/10\/AdobeStock_465482954-1-scaled.jpeg&#8221; parallax=&#8221;on&#8221; width=&#8221;100%&#8221; max_width=&#8221;100%&#8221; min_height=&#8221;600px&#8221; custom_padding=&#8221;0px||0px||false|false&#8221; global_colors_info=&#8221;{}&#8221;][et_pb_column type=&#8221;4_4&#8243; _builder_version=&#8221;4.18.0&#8243; _module_preset=&#8221;default&#8221; global_colors_info=&#8221;{}&#8221;][et_pb_text _builder_version=&#8221;4.18.0&#8243; _module_preset=&#8221;default&#8221; text_font=&#8221;TiemposHeadlineRegular||||||||&#8221; text_text_color=&#8221;#FFFFFF&#8221; text_font_size=&#8221;100px&#8221; text_line_height=&#8221;1.1em&#8221; text_orientation=&#8221;center&#8221; custom_margin=&#8221;225px||||false|false&#8221; text_font_size_tablet=&#8221;84px&#8221; text_font_size_phone=&#8221;84px&#8221; text_font_size_last_edited=&#8221;on|phone&#8221; global_colors_info=&#8221;{}&#8221;]<\/p>\n<p>&#8221;Citat om ett citat&#8221;<\/p>\n<p>[\/et_pb_text][\/et_pb_column][\/et_pb_row][\/et_pb_section][et_pb_section fb_built=&#8221;1&#8243; disabled_on=&#8221;on|on|on&#8221; admin_label=&#8221;Section&#8221; _builder_version=&#8221;4.19.4&#8243; _module_preset=&#8221;default&#8221; custom_padding=&#8221;0px||0px||false|false&#8221; disabled=&#8221;on&#8221; global_colors_info=&#8221;{}&#8221;][et_pb_row column_structure=&#8221;1_2,1_2&#8243; admin_label=&#8221;Row&#8221; _builder_version=&#8221;4.18.0&#8243; _module_preset=&#8221;default&#8221; background_enable_image=&#8221;off&#8221; width=&#8221;100%&#8221; max_width=&#8221;100%&#8221; custom_padding=&#8221;0px||0px||false|false&#8221; global_colors_info=&#8221;{}&#8221;][et_pb_column type=&#8221;1_2&#8243; admin_label=&#8221;Column&#8221; _builder_version=&#8221;4.18.0&#8243; _module_preset=&#8221;default&#8221; background_image=&#8221;https:\/\/kampanj.na.se\/idrottsgalan\/wp-content\/uploads\/2022\/11\/BB190805FK068-scaled.jpg&#8221; parallax=&#8221;on&#8221; custom_css_main_element=&#8221;width: 50%!important;||margin: 0!important;||height: 600px;&#8221; global_colors_info=&#8221;{}&#8221; custom_css_main_element_last_edited=&#8221;on|tablet&#8221; custom_css_main_element_tablet=&#8221;width: 100%!important;||margin:auto!important;||height:600px!important;&#8221; custom_css_main_element_phone=&#8221;width: 100%!important;||margin:auto!important;||height:600px!important;&#8221;][et_pb_text _builder_version=&#8221;4.18.0&#8243; _module_preset=&#8221;default&#8221; text_font=&#8221;TiemposHeadlineRegular||||||||&#8221; text_text_color=&#8221;#FFFFFF&#8221; text_font_size=&#8221;72px&#8221; text_line_height=&#8221;1.1em&#8221; text_orientation=&#8221;center&#8221; width=&#8221;100%&#8221; max_width=&#8221;100%&#8221; custom_margin=&#8221;300px||||false|false&#8221; text_font_size_tablet=&#8221;84px&#8221; text_font_size_phone=&#8221;84px&#8221; text_font_size_last_edited=&#8221;on|phone&#8221; global_colors_info=&#8221;{}&#8221;]<\/p>\n<p>&#8221;Citat om ett citat&#8221;<\/p>\n<p>[\/et_pb_text][\/et_pb_column][et_pb_column type=&#8221;1_2&#8243; _builder_version=&#8221;4.18.0&#8243; _module_preset=&#8221;default&#8221; background_image=&#8221;https:\/\/kampanj.na.se\/idrottsgalan\/wp-content\/uploads\/2022\/11\/BB190805FK068-scaled.jpg&#8221; parallax=&#8221;on&#8221; custom_css_main_element=&#8221;height: 600px;||width: 50%!important;||margin: 0!important;&#8221; global_colors_info=&#8221;{}&#8221; custom_css_main_element_last_edited=&#8221;on|tablet&#8221; custom_css_main_element_tablet=&#8221;width: 100%;||margin: auto;||height: 600px;&#8221; custom_css_main_element_phone=&#8221;width: 100%;||margin: auto;||height: 600px;&#8221;][et_pb_text _builder_version=&#8221;4.18.0&#8243; _module_preset=&#8221;default&#8221; text_font=&#8221;TiemposHeadlineRegular||||||||&#8221; text_text_color=&#8221;#FFFFFF&#8221; text_font_size=&#8221;72px&#8221; text_line_height=&#8221;1.1em&#8221; text_orientation=&#8221;center&#8221; width=&#8221;100%&#8221; max_width=&#8221;100%&#8221; custom_margin=&#8221;300px||||false|false&#8221; text_font_size_tablet=&#8221;84px&#8221; text_font_size_phone=&#8221;84px&#8221; text_font_size_last_edited=&#8221;on|phone&#8221; global_colors_info=&#8221;{}&#8221;]<\/p>\n<p>&#8221;Citat om ett citat&#8221;<\/p>\n<p>[\/et_pb_text][\/et_pb_column][\/et_pb_row][\/et_pb_section]<\/p>\n","protected":false},"excerpt":{"rendered":"<p>En rubrik om en native15 Februari \u00d6rebro Idrottsgala 2023Inneh\u00e5ll fr\u00e5n Behrn Fastigheter AB &#8211; stolt partner till \u00d6rebro idrottsgalaChristian Behrn, Per Johan Behrn och Caroline Behrn.Bild: Ove LundqvistPer Johan Behrn: \u201dUngdomarna \u00e4r v\u00e5r framtid\u201d S\u00e4g \u00d6rebro, idrott och Behrn \u2013 och m\u00e5nga t\u00e4nker p\u00e5 de namngivna arenorna i stadens centrum. Men Per Johan Behrns intresse [&hellip;]<\/p>\n","protected":false},"author":1,"featured_media":793,"comment_status":"closed","ping_status":"closed","sticky":false,"template":"","format":"standard","meta":{"_et_pb_use_builder":"on","_et_pb_old_content":"","_et_gb_content_width":"","footnotes":""},"categories":[11],"tags":[],"class_list":["post-789","post","type-post","status-publish","format-standard","has-post-thumbnail","hentry","category-idrottsgalan-2023"],"_links":{"self":[{"href":"https:\/\/kampanj.na.se\/idrottsgalan\/wp-json\/wp\/v2\/posts\/789","targetHints":{"allow":["GET"]}}],"collection":[{"href":"https:\/\/kampanj.na.se\/idrottsgalan\/wp-json\/wp\/v2\/posts"}],"about":[{"href":"https:\/\/kampanj.na.se\/idrottsgalan\/wp-json\/wp\/v2\/types\/post"}],"author":[{"embeddable":true,"href":"https:\/\/kampanj.na.se\/idrottsgalan\/wp-json\/wp\/v2\/users\/1"}],"replies":[{"embeddable":true,"href":"https:\/\/kampanj.na.se\/idrottsgalan\/wp-json\/wp\/v2\/comments?post=789"}],"version-history":[{"count":4,"href":"https:\/\/kampanj.na.se\/idrottsgalan\/wp-json\/wp\/v2\/posts\/789\/revisions"}],"predecessor-version":[{"id":1714,"href":"https:\/\/kampanj.na.se\/idrottsgalan\/wp-json\/wp\/v2\/posts\/789\/revisions\/1714"}],"wp:featuredmedia":[{"embeddable":true,"href":"https:\/\/kampanj.na.se\/idrottsgalan\/wp-json\/wp\/v2\/media\/793"}],"wp:attachment":[{"href":"https:\/\/kampanj.na.se\/idrottsgalan\/wp-json\/wp\/v2\/media?parent=789"}],"wp:term":[{"taxonomy":"category","embeddable":true,"href":"https:\/\/kampanj.na.se\/idrottsgalan\/wp-json\/wp\/v2\/categories?post=789"},{"taxonomy":"post_tag","embeddable":true,"href":"https:\/\/kampanj.na.se\/idrottsgalan\/wp-json\/wp\/v2\/tags?post=789"}],"curies":[{"name":"wp","href":"https:\/\/api.w.org\/{rel}","templated":true}]}}