{"id":660,"date":"2023-01-16T09:16:26","date_gmt":"2023-01-16T08:16:26","guid":{"rendered":"https:\/\/kampanj.na.se\/idrottsgalan\/?p=660"},"modified":"2026-01-22T11:08:48","modified_gmt":"2026-01-22T10:08:48","slug":"en-helt-nytt-dokument-ska-underlatta-for-idrottande","status":"publish","type":"post","link":"https:\/\/kampanj.na.se\/idrottsgalan\/en-helt-nytt-dokument-ska-underlatta-for-idrottande\/","title":{"rendered":"En helt nytt dokument &#8211; ska underl\u00e4tta f\u00f6r idrottande"},"content":{"rendered":"<p>[et_pb_section fb_built=&#8221;1&#8243; disabled_on=&#8221;on|on|on&#8221; _builder_version=&#8221;4.19.4&#8243; _module_preset=&#8221;default&#8221; background_image=&#8221;https:\/\/kampanj.na.se\/idrottsgalan\/wp-content\/uploads\/2022\/11\/BB190805FK068-scaled.jpg&#8221; height=&#8221;75vh&#8221; height_tablet=&#8221;80vh&#8221; height_phone=&#8221;80vh&#8221; height_last_edited=&#8221;on|phone&#8221; disabled=&#8221;on&#8221; global_colors_info=&#8221;{}&#8221;][et_pb_row _builder_version=&#8221;4.18.0&#8243; _module_preset=&#8221;default&#8221; positioning=&#8221;absolute&#8221; position_origin_a=&#8221;bottom_right&#8221; width=&#8221;100%&#8221; max_width=&#8221;100%&#8221; global_colors_info=&#8221;{}&#8221;][et_pb_column type=&#8221;4_4&#8243; _builder_version=&#8221;4.18.0&#8243; _module_preset=&#8221;default&#8221; global_colors_info=&#8221;{}&#8221;][et_pb_text _builder_version=&#8221;4.18.0&#8243; _module_preset=&#8221;default&#8221; header_font=&#8221;TiemposHeadlineRegular||||||||&#8221; header_text_color=&#8221;#FFFFFF&#8221; header_font_size=&#8221;96px&#8221; text_orientation=&#8221;right&#8221; custom_padding=&#8221;|32px|||false|false&#8221; header_text_align_tablet=&#8221;right&#8221; header_text_align_phone=&#8221;right&#8221; header_text_align_last_edited=&#8221;on|tablet&#8221; header_font_size_tablet=&#8221;78px&#8221; header_font_size_phone=&#8221;42px&#8221; header_font_size_last_edited=&#8221;on|tablet&#8221; global_colors_info=&#8221;{}&#8221;]<\/p>\n<h1>En rubrik om en native<\/h1>\n<p>[\/et_pb_text][\/et_pb_column][\/et_pb_row][\/et_pb_section][et_pb_section fb_built=&#8221;1&#8243; _builder_version=&#8221;4.18.0&#8243; _module_preset=&#8221;default&#8221; background_color=&#8221;#dbc193&#8243; positioning=&#8221;fixed&#8221; position_origin_f=&#8221;bottom_center&#8221; z_index=&#8221;9999999999&#8243; custom_margin=&#8221;0px|0px|0px|0px|true|true&#8221; custom_padding=&#8221;0px|0px|0px|0px|true|true&#8221; global_colors_info=&#8221;{}&#8221;][et_pb_row _builder_version=&#8221;4.18.0&#8243; _module_preset=&#8221;default&#8221; custom_padding=&#8221;20px||20px||true|false&#8221; global_colors_info=&#8221;{}&#8221;][et_pb_column type=&#8221;4_4&#8243; _builder_version=&#8221;4.18.0&#8243; _module_preset=&#8221;default&#8221; global_colors_info=&#8221;{}&#8221;][et_pb_text _builder_version=&#8221;4.18.0&#8243; _module_preset=&#8221;default&#8221; text_font=&#8221;Inter|||on|||||&#8221; text_text_color=&#8221;#0b2c53&#8243; text_font_size=&#8221;12px&#8221; text_letter_spacing=&#8221;4px&#8221; custom_margin=&#8221;|0px|||false|false&#8221; custom_padding=&#8221;||0px||false|false&#8221; global_colors_info=&#8221;{}&#8221;]<\/p>\n<p style=\"text-align: center;\">15 Februari \u00d6rebro Idrottsgala 2023<\/p>\n<p>[\/et_pb_text][\/et_pb_column][\/et_pb_row][\/et_pb_section][et_pb_section fb_built=&#8221;1&#8243; _builder_version=&#8221;4.18.0&#8243; _module_preset=&#8221;default&#8221; custom_padding=&#8221;0px||0px||false|false&#8221; global_module=&#8221;143&#8243; saved_tabs=&#8221;all&#8221; global_colors_info=&#8221;{}&#8221;][et_pb_row disabled_on=&#8221;on|on|on&#8221; module_class=&#8221;galameny&#8221; _builder_version=&#8221;4.18.0&#8243; _module_preset=&#8221;default&#8221; width=&#8221;100%&#8221; max_width=&#8221;100%&#8221; custom_padding=&#8221;0px||0px||false|false&#8221; disabled=&#8221;on&#8221; global_colors_info=&#8221;{}&#8221;][et_pb_column type=&#8221;4_4&#8243; _builder_version=&#8221;4.18.0&#8243; _module_preset=&#8221;default&#8221; global_colors_info=&#8221;{}&#8221;][et_pb_menu _builder_version=&#8221;4.18.0&#8243; _module_preset=&#8221;default&#8221; min_height=&#8221;25px&#8221; global_colors_info=&#8221;{}&#8221;][\/et_pb_menu][\/et_pb_column][\/et_pb_row][\/et_pb_section][et_pb_section fb_built=&#8221;1&#8243; admin_label=&#8221;Section&#8221; _builder_version=&#8221;4.19.4&#8243; _module_preset=&#8221;default&#8221; background_color=&#8221;#f2f2f2&#8243; background_enable_image=&#8221;off&#8221; background_size=&#8221;custom&#8221; background_image_width=&#8221;100%&#8221; background_repeat=&#8221;repeat&#8221; custom_padding=&#8221;0px||0px|||&#8221; global_colors_info=&#8221;{}&#8221;][et_pb_row _builder_version=&#8221;4.19.4&#8243; _module_preset=&#8221;default&#8221; background_color=&#8221;#FFFFFF&#8221; width_tablet=&#8221;&#8221; width_phone=&#8221;100%&#8221; width_last_edited=&#8221;on|phone&#8221; max_width=&#8221;900px&#8221; custom_padding=&#8221;0px||0px||false|false&#8221; global_colors_info=&#8221;{}&#8221;][et_pb_column type=&#8221;4_4&#8243; _builder_version=&#8221;4.19.4&#8243; _module_preset=&#8221;default&#8221; global_colors_info=&#8221;{}&#8221;][et_pb_text _builder_version=&#8221;4.27.5&#8243; _module_preset=&#8221;default&#8221; text_font=&#8221;Inter|600|||||||&#8221; text_text_color=&#8221;#000000&#8243; text_font_size=&#8221;16px&#8221; text_line_height=&#8221;1.2em&#8221; background_color=&#8221;#d9d9d9&#8243; text_orientation=&#8221;center&#8221; custom_margin=&#8221;0px||0px||false|false&#8221; custom_padding=&#8221;10px||10px||true|false&#8221; hover_enabled=&#8221;0&#8243; global_colors_info=&#8221;{}&#8221; sticky_enabled=&#8221;0&#8243;]<\/p>\n<p>Inneh\u00e5ll fr\u00e5n Byggbetj\u00e4nten &#8211; stolt partner till \u00d6rebro idrottsgala<\/p>\n<p>[\/et_pb_text][et_pb_image src=&#8221;https:\/\/kampanj.na.se\/idrottsgalan\/wp-content\/uploads\/2023\/01\/na-ig-byggbetjanten-1.jpg&#8221; title_text=&#8221;na-ig-byggbetjanten-1&#8243; _builder_version=&#8221;4.19.4&#8243; _module_preset=&#8221;default&#8221; custom_margin=&#8221;||0px||false|false&#8221; custom_padding=&#8221;||0px||false|false&#8221; global_colors_info=&#8221;{}&#8221;][\/et_pb_image][et_pb_text _builder_version=&#8221;4.19.4&#8243; _module_preset=&#8221;default&#8221; text_font=&#8221;Inter||||||||&#8221; text_line_height=&#8221;1.5em&#8221; width=&#8221;640px&#8221; width_tablet=&#8221;80%&#8221; width_phone=&#8221;90%&#8221; width_last_edited=&#8221;on|phone&#8221; module_alignment=&#8221;center&#8221; custom_margin=&#8221;||0px||false|false&#8221; custom_padding=&#8221;10px||0px||false|true&#8221; custom_padding_tablet=&#8221;||0px||false|true&#8221; custom_padding_phone=&#8221;||0px||false|true&#8221; custom_padding_last_edited=&#8221;on|phone&#8221; locked=&#8221;off&#8221; global_colors_info=&#8221;{}&#8221;]Bild: Tobias Eriksson[\/et_pb_text][\/et_pb_column][\/et_pb_row][et_pb_row custom_padding_last_edited=&#8221;on|phone&#8221; _builder_version=&#8221;4.19.4&#8243; _module_preset=&#8221;default&#8221; background_color=&#8221;#FFFFFF&#8221; width_tablet=&#8221;80%&#8221; width_phone=&#8221;100%&#8221; width_last_edited=&#8221;on|desktop&#8221; max_width=&#8221;900px&#8221; custom_padding=&#8221;50px||50px||true|false&#8221; custom_padding_tablet=&#8221;||||true|false&#8221; custom_padding_phone=&#8221;30px||30px||true|false&#8221; global_colors_info=&#8221;{}&#8221;][et_pb_column type=&#8221;4_4&#8243; _builder_version=&#8221;4.18.0&#8243; _module_preset=&#8221;default&#8221; background_color=&#8221;#FFFFFF&#8221; global_colors_info=&#8221;{}&#8221;][et_pb_text _builder_version=&#8221;4.19.4&#8243; _module_preset=&#8221;default&#8221; text_font=&#8221;TiemposHeadlineRegular||||||||&#8221; header_font=&#8221;TiemposHeadlineBold||||||||&#8221; header_text_color=&#8221;#000000&#8243; header_font_size=&#8221;50px&#8221; header_2_font=&#8221;||||||||&#8221; header_2_text_color=&#8221;#dbc193&#8243; header_2_font_size=&#8221;24px&#8221; header_2_line_height=&#8221;1.3em&#8221; background_color=&#8221;RGBA(255,255,255,0)&#8221; width=&#8221;640px&#8221; width_tablet=&#8221;80%&#8221; width_phone=&#8221;90%&#8221; width_last_edited=&#8221;on|phone&#8221; module_alignment=&#8221;center&#8221; custom_margin=&#8221;||12px|||&#8221; header_font_size_tablet=&#8221;42px&#8221; header_font_size_phone=&#8221;30px&#8221; header_font_size_last_edited=&#8221;on|phone&#8221; header_2_font_size_tablet=&#8221;24px&#8221; header_2_font_size_phone=&#8221;20px&#8221; header_2_font_size_last_edited=&#8221;on|phone&#8221; global_colors_info=&#8221;{}&#8221;]<\/p>\n<h1>En helt nytt dokument &#8211; ska underl\u00e4tta f\u00f6r idrottande<\/h1>\n<h2>Byggbetj\u00e4nten \u00e4r precis som det l\u00e5ter \u2013 ett f\u00f6retag som man kan anlita f\u00f6r alla former av renoveringar eller till- och utbyggnader.<br \/><span class=\"indenta\">Men det \u00e4r ocks\u00e5 ett f\u00f6retag som brinner f\u00f6r folkh\u00e4lsan och f\u00f6reningslivet.<\/span><\/h2>\n<p>[\/et_pb_text][et_pb_text _builder_version=&#8221;4.19.4&#8243; _module_preset=&#8221;default&#8221; text_font=&#8221;Inter||||||||&#8221; text_text_color=&#8221;#000000&#8243; text_font_size=&#8221;18px&#8221; text_line_height=&#8221;1.5em&#8221; header_font=&#8221;TiemposHeadlineRegular||||||||&#8221; header_2_font=&#8221;Inter|700|||||||&#8221; header_2_text_color=&#8221;#000000&#8243; header_2_font_size=&#8221;24px&#8221; width=&#8221;640px&#8221; width_tablet=&#8221;80%&#8221; width_phone=&#8221;90%&#8221; width_last_edited=&#8221;on|phone&#8221; module_alignment=&#8221;center&#8221; custom_margin=&#8221;||0px||false|false&#8221; custom_padding=&#8221;||0px||false|false&#8221; header_2_font_size_tablet=&#8221;24px&#8221; header_2_font_size_phone=&#8221;22px&#8221; header_2_font_size_last_edited=&#8221;on|phone&#8221; global_colors_info=&#8221;{}&#8221;]<\/p>\n<p><a href=\"https:\/\/kampanj.na.se\/idrottsgalan\/\" target=\"_blank\" rel=\"noopener\"><strong>L\u00e4s mer om Idrottsgalan och k\u00f6p biljetter h\u00e4r.<\/strong><\/a><\/p>\n<p>Christer Nilsson \u00e4r s\u00e4ljchef p\u00e5 Byggbetj\u00e4nten och alla som r\u00f6r sig i \u00d6rebro l\u00e4n har garanterat sett deras logga p\u00e5 diverse st\u00e4llen d\u00e4r det ut\u00f6vas idrott.<\/p>\n<p>\u2013 F\u00f6r oss \u00e4r det en sj\u00e4lvklarhet att vara med och st\u00f6tta f\u00f6reningslivet och se till att n\u00e4sta generation kan ha lika mycket av den. M\u00e5nga av v\u00e5ra medarbetare har ju formats i f\u00f6reningslivet och m\u00e5nga \u00e4r kvar d\u00e4r \u00e4ven i dag, kanske som tr\u00e4nare eller ledare, s\u00e4ger han.<\/p>\n<p>Christer Nilsson och hans kollega Victor Jacobsson vill verkligen betona att de ser \u00d6rebros idrottsgalan den 15 februari som en gala f\u00f6r hela l\u00e4net \u2013 och inte bara f\u00f6r \u00d6rebro.<\/p>\n<p>\u2013 Hela l\u00e4net \u00e4r ett fantastiskt idrottsl\u00e4n. Det finns ju hockey, damfotboll och herrfotboll p\u00e5 h\u00f6gsta elitniv\u00e5 \u2013 men vi \u00e4r j\u00e4ttebreda i v\u00e5ra samarbeten och st\u00f6ttar exempelvis parahandboll i Lindesberg och damhockey och baseball-lag l\u00e5ngt ute p\u00e5 landet. Om det finns en bra v\u00e4rdegrund som vi st\u00e4ller upp p\u00e5, s\u00e5 \u00e4r vi g\u00e4rna med p\u00e5 samarbeten i form av st\u00f6ttning och sponsring.<\/p>\n<p>[\/et_pb_text][et_pb_image src=&#8221;https:\/\/kampanj.na.se\/idrottsgalan\/wp-content\/uploads\/2023\/01\/na-ig-byggbetjanten-2.jpg&#8221; title_text=&#8221;na-ig-byggbetjanten-2&#8243; _builder_version=&#8221;4.19.4&#8243; _module_preset=&#8221;default&#8221; width=&#8221;640px&#8221; width_tablet=&#8221;80%&#8221; width_phone=&#8221;90%&#8221; width_last_edited=&#8221;on|phone&#8221; module_alignment=&#8221;center&#8221; custom_margin=&#8221;35px||35px||false|false&#8221; custom_padding=&#8221;0px||0px||false|false&#8221; global_colors_info=&#8221;{}&#8221;][\/et_pb_image][et_pb_text _builder_version=&#8221;4.19.4&#8243; _module_preset=&#8221;default&#8221; text_font=&#8221;Inter||||||||&#8221; text_text_color=&#8221;#000000&#8243; text_font_size=&#8221;18px&#8221; text_line_height=&#8221;1.5em&#8221; header_font=&#8221;TiemposHeadlineRegular||||||||&#8221; header_2_font=&#8221;Inter|700|||||||&#8221; header_2_text_color=&#8221;#000000&#8243; header_2_font_size=&#8221;24px&#8221; width=&#8221;640px&#8221; width_tablet=&#8221;80%&#8221; width_phone=&#8221;90%&#8221; width_last_edited=&#8221;on|phone&#8221; module_alignment=&#8221;center&#8221; header_2_font_size_tablet=&#8221;24px&#8221; header_2_font_size_phone=&#8221;22px&#8221; header_2_font_size_last_edited=&#8221;on|phone&#8221; global_colors_info=&#8221;{}&#8221;]P\u00e5 galan den 15 februari kommer Byggbetj\u00e4ntens vd Mats Eriksson att dela ut pris i kategorin \u00c5rets genombrott till n\u00e5gon ung och lovande tjej eller kille fr\u00e5n l\u00e4net. Men det \u00e4r n\u00e4stan s\u00e5 att Byggbetj\u00e4nten sj\u00e4lva ska premieras f\u00f6r sitt s\u00e4tt att aktivera sina medarbetare.<\/p>\n<p>\u2013 Vi har varit med p\u00e5 stafett-Vasan bland annat och vi f\u00f6rs\u00f6ker som f\u00f6retag att uppmuntra v\u00e5ra anst\u00e4llda till r\u00f6relse av olika slag. Vi blir ett b\u00e4ttre f\u00f6retag om vi har friska, motiverade medarbetare och f\u00f6r mycket stillasittande \u00e4r aldrig bra, ber\u00e4ttar Victor Jacobsson.<\/p>\n<p>Och just nu h\u00e5ller Byggbetj\u00e4nten p\u00e5 att ta fram ett sorts dokument, man skulle n\u00e4stan kunna kalla det fond, d\u00e4r medarbetarna ska kunna fylla i en ordentlig ans\u00f6kan f\u00f6r att exempelvis s\u00f6ka sponsring till barnens fotbollslag som beh\u00f6ver ett tillskott f\u00f6r att kunna spela en fotbollscup.<\/p>\n<p>\u2013 Vi kommer att kr\u00e4va en redovisning ocks\u00e5 om vad pengarna anv\u00e4nts till, som vi kan visa upp vid en revision, men v\u00e5r f\u00f6rhoppning \u00e4r absolut m\u00e5nga kan f\u00e5 nytta av det h\u00e4r, s\u00e4ger Christer Nilsson.<\/p>\n<p><a href=\"https:\/\/kampanj.na.se\/idrottsgalan\/\" target=\"_blank\" rel=\"noopener\"><strong>K\u00f6p dina biljetter till Idrottsgalan h\u00e4r.<\/strong><\/a>[\/et_pb_text][et_pb_text _builder_version=&#8221;4.19.4&#8243; _module_preset=&#8221;default&#8221; text_font=&#8221;Inter||||||||&#8221; text_text_color=&#8221;#000000&#8243; text_font_size=&#8221;16px&#8221; text_line_height=&#8221;1.5em&#8221; header_font=&#8221;TiemposHeadlineRegular||||||||&#8221; header_2_font=&#8221;TiemposHeadlineBold|700|||||||&#8221; header_2_text_color=&#8221;#000000&#8243; header_2_font_size=&#8221;24px&#8221; background_color=&#8221;#eaeaea&#8221; width=&#8221;640px&#8221; width_tablet=&#8221;80%&#8221; width_phone=&#8221;90%&#8221; width_last_edited=&#8221;on|phone&#8221; module_alignment=&#8221;center&#8221; custom_margin=&#8221;30px||||false|false&#8221; custom_padding=&#8221;30px|30px|30px|30px|true|true&#8221; header_2_font_size_tablet=&#8221;24px&#8221; header_2_font_size_phone=&#8221;22px&#8221; header_2_font_size_last_edited=&#8221;on|phone&#8221; global_colors_info=&#8221;{}&#8221;]<\/p>\n<h6>FAKTA<\/h6>\n<h2>\u00d6rebro idrottsgala<\/h2>\n<p><strong>Var:<\/strong> Conventum.<br \/><strong>N\u00e4r:<\/strong> Den 15 februari.<br \/><strong>K\u00f6pa biljett:<\/strong> Se l\u00e4nkar i texten ovanf\u00f6r, via dem kan man som idrotts- eller galaintresserad skaffa sig biljetter till galan.<br \/><strong>Varf\u00f6r:<\/strong> Nerikes Allehanda vill tillsammans med en rad partners uppm\u00e4rksamma s\u00e5v\u00e4l elit- som breddidrotten i \u00d6rebro l\u00e4n samt de eldsj\u00e4lar som driver f\u00f6reningslivet fram\u00e5t.<br \/><strong>Vilka som kommer:<\/strong> F.d. elitidrottare och stora profiler fr\u00e5n l\u00e4net. Massor av nuvarande stj\u00e4rnor inom f\u00f6reningslivet, men ocks\u00e5 de som verkar i det tysta. Artisterna Chris Kl\u00e4fford och Hanna Ferm underh\u00e5ller. Galan leds av tv-profilen Jessica Almen\u00e4s.<\/p>\n<p>[\/et_pb_text][\/et_pb_column][\/et_pb_row][\/et_pb_section][et_pb_section fb_built=&#8221;1&#8243; _builder_version=&#8221;4.19.4&#8243; _module_preset=&#8221;default&#8221; background_color=&#8221;#e6e6e6&#8243; custom_margin=&#8221;0px||0px||false|false&#8221; custom_padding=&#8221;0px||0px||false|false&#8221; global_module=&#8221;544&#8243; saved_tabs=&#8221;all&#8221; global_colors_info=&#8221;{}&#8221;][et_pb_row custom_padding_last_edited=&#8221;on|phone&#8221; _builder_version=&#8221;4.19.4&#8243; _module_preset=&#8221;default&#8221; width_tablet=&#8221;&#8221; width_phone=&#8221;100%&#8221; width_last_edited=&#8221;on|phone&#8221; max_width=&#8221;900px&#8221; custom_padding=&#8221;|140px||140px|false|true&#8221; custom_padding_tablet=&#8221;|70px||70px|false|true&#8221; custom_padding_phone=&#8221;|30px||30px|false|true&#8221; global_colors_info=&#8221;{}&#8221;][et_pb_column type=&#8221;4_4&#8243; _builder_version=&#8221;4.19.4&#8243; _module_preset=&#8221;default&#8221; global_colors_info=&#8221;{}&#8221;][et_pb_text _builder_version=&#8221;4.19.4&#8243; _module_preset=&#8221;default&#8221; text_font=&#8221;Inter|600|||||||&#8221; text_text_color=&#8221;#000000&#8243; text_font_size=&#8221;16px&#8221; global_colors_info=&#8221;{}&#8221;]<\/p>\n<p>Denna text \u00e4r en annons producerad av Bonnier News Brand Studio och inte av Nerikes Allehandas redaktion. Vill du veta mer om hur vi arbetar med denna typ av material f\u00e5r du g\u00e4rna kontakta oss p\u00e5 <a href=\"mailto:cm.native@bonniernews.se\" target=\"_blank\" rel=\"noopener\">cm.native@bonniernews.se<\/a><\/p>\n<p>[\/et_pb_text][\/et_pb_column][\/et_pb_row][\/et_pb_section][et_pb_section fb_built=&#8221;1&#8243; _builder_version=&#8221;4.19.4&#8243; _module_preset=&#8221;default&#8221; background_color=&#8221;#f2f2f2&#8243; custom_padding=&#8221;0px||10px||false|false&#8221; global_module=&#8221;644&#8243; saved_tabs=&#8221;all&#8221; global_colors_info=&#8221;{}&#8221;][et_pb_row _builder_version=&#8221;4.19.4&#8243; _module_preset=&#8221;default&#8221; custom_padding=&#8221;40px||20px||false|false&#8221; global_colors_info=&#8221;{}&#8221;][et_pb_column type=&#8221;4_4&#8243; _builder_version=&#8221;4.19.4&#8243; _module_preset=&#8221;default&#8221; global_colors_info=&#8221;{}&#8221;][et_pb_text _builder_version=&#8221;4.19.4&#8243; _module_preset=&#8221;default&#8221; text_font=&#8221;TiemposHeadlineBold||||||||&#8221; text_text_color=&#8221;#1d3965&#8243; header_3_font=&#8221;TiemposHeadlineBold||||||||&#8221; header_3_text_color=&#8221;#1d3965&#8243; header_3_font_size=&#8221;26px&#8221; text_orientation=&#8221;center&#8221; header_3_font_size_tablet=&#8221;&#8221; header_3_font_size_phone=&#8221;&#8221; header_3_font_size_last_edited=&#8221;on|phone&#8221; global_colors_info=&#8221;{}&#8221;]<\/p>\n<h3>Alla artiklar<\/h3>\n<p>[\/et_pb_text][\/et_pb_column][\/et_pb_row][et_pb_row _builder_version=&#8221;4.19.4&#8243; _module_preset=&#8221;default&#8221; width=&#8221;90%&#8221; max_width=&#8221;1350px&#8221; custom_padding=&#8221;0px||0px||false|false&#8221; global_colors_info=&#8221;{}&#8221;][et_pb_column type=&#8221;4_4&#8243; _builder_version=&#8221;4.19.4&#8243; _module_preset=&#8221;default&#8221; global_colors_info=&#8221;{}&#8221;][et_pb_blog fullwidth=&#8221;off&#8221; posts_number=&#8221;100&#8243; include_categories=&#8221;all&#8221; use_manual_excerpt=&#8221;off&#8221; show_author=&#8221;off&#8221; show_date=&#8221;off&#8221; show_categories=&#8221;off&#8221; show_excerpt=&#8221;off&#8221; show_pagination=&#8221;off&#8221; module_class=&#8221;more-articles article-list et_blog_grid_equal_height&#8221; _builder_version=&#8221;4.19.4&#8243; _module_preset=&#8221;default&#8221; header_font=&#8221;TiemposHeadlineBold||||||||&#8221; header_font_size=&#8221;20px&#8221; custom_margin=&#8221;||||false|false&#8221; border_width_all=&#8221;0px&#8221; global_colors_info=&#8221;{}&#8221;][\/et_pb_blog][\/et_pb_column][\/et_pb_row][\/et_pb_section][et_pb_section fb_built=&#8221;1&#8243; disabled_on=&#8221;on|on|on&#8221; admin_label=&#8221;Section&#8221; _builder_version=&#8221;4.19.4&#8243; _module_preset=&#8221;default&#8221; custom_padding=&#8221;0px||0px||false|false&#8221; disabled=&#8221;on&#8221; global_colors_info=&#8221;{}&#8221;][et_pb_row _builder_version=&#8221;4.18.0&#8243; _module_preset=&#8221;default&#8221; background_image=&#8221;https:\/\/kampanj.na.se\/idrottsgalan\/wp-content\/uploads\/2022\/10\/AdobeStock_465482954-1-scaled.jpeg&#8221; parallax=&#8221;on&#8221; width=&#8221;100%&#8221; max_width=&#8221;100%&#8221; min_height=&#8221;600px&#8221; custom_padding=&#8221;0px||0px||false|false&#8221; global_colors_info=&#8221;{}&#8221;][et_pb_column type=&#8221;4_4&#8243; _builder_version=&#8221;4.18.0&#8243; _module_preset=&#8221;default&#8221; global_colors_info=&#8221;{}&#8221;][et_pb_text _builder_version=&#8221;4.18.0&#8243; _module_preset=&#8221;default&#8221; text_font=&#8221;TiemposHeadlineRegular||||||||&#8221; text_text_color=&#8221;#FFFFFF&#8221; text_font_size=&#8221;100px&#8221; text_line_height=&#8221;1.1em&#8221; text_orientation=&#8221;center&#8221; custom_margin=&#8221;225px||||false|false&#8221; text_font_size_tablet=&#8221;84px&#8221; text_font_size_phone=&#8221;84px&#8221; text_font_size_last_edited=&#8221;on|phone&#8221; global_colors_info=&#8221;{}&#8221;]<\/p>\n<p>&#8221;Citat om ett citat&#8221;<\/p>\n<p>[\/et_pb_text][\/et_pb_column][\/et_pb_row][\/et_pb_section][et_pb_section fb_built=&#8221;1&#8243; disabled_on=&#8221;on|on|on&#8221; admin_label=&#8221;Section&#8221; _builder_version=&#8221;4.19.4&#8243; _module_preset=&#8221;default&#8221; custom_padding=&#8221;0px||0px||false|false&#8221; disabled=&#8221;on&#8221; global_colors_info=&#8221;{}&#8221;][et_pb_row column_structure=&#8221;1_2,1_2&#8243; admin_label=&#8221;Row&#8221; _builder_version=&#8221;4.18.0&#8243; _module_preset=&#8221;default&#8221; background_enable_image=&#8221;off&#8221; width=&#8221;100%&#8221; max_width=&#8221;100%&#8221; custom_padding=&#8221;0px||0px||false|false&#8221; global_colors_info=&#8221;{}&#8221;][et_pb_column type=&#8221;1_2&#8243; admin_label=&#8221;Column&#8221; _builder_version=&#8221;4.18.0&#8243; _module_preset=&#8221;default&#8221; background_image=&#8221;https:\/\/kampanj.na.se\/idrottsgalan\/wp-content\/uploads\/2022\/11\/BB190805FK068-scaled.jpg&#8221; parallax=&#8221;on&#8221; custom_css_main_element=&#8221;width: 50%!important;||margin: 0!important;||height: 600px;&#8221; global_colors_info=&#8221;{}&#8221; custom_css_main_element_last_edited=&#8221;on|tablet&#8221; custom_css_main_element_tablet=&#8221;width: 100%!important;||margin:auto!important;||height:600px!important;&#8221; custom_css_main_element_phone=&#8221;width: 100%!important;||margin:auto!important;||height:600px!important;&#8221;][et_pb_text _builder_version=&#8221;4.18.0&#8243; _module_preset=&#8221;default&#8221; text_font=&#8221;TiemposHeadlineRegular||||||||&#8221; text_text_color=&#8221;#FFFFFF&#8221; text_font_size=&#8221;72px&#8221; text_line_height=&#8221;1.1em&#8221; text_orientation=&#8221;center&#8221; width=&#8221;100%&#8221; max_width=&#8221;100%&#8221; custom_margin=&#8221;300px||||false|false&#8221; text_font_size_tablet=&#8221;84px&#8221; text_font_size_phone=&#8221;84px&#8221; text_font_size_last_edited=&#8221;on|phone&#8221; global_colors_info=&#8221;{}&#8221;]<\/p>\n<p>&#8221;Citat om ett citat&#8221;<\/p>\n<p>[\/et_pb_text][\/et_pb_column][et_pb_column type=&#8221;1_2&#8243; _builder_version=&#8221;4.18.0&#8243; _module_preset=&#8221;default&#8221; background_image=&#8221;https:\/\/kampanj.na.se\/idrottsgalan\/wp-content\/uploads\/2022\/11\/BB190805FK068-scaled.jpg&#8221; parallax=&#8221;on&#8221; custom_css_main_element=&#8221;height: 600px;||width: 50%!important;||margin: 0!important;&#8221; global_colors_info=&#8221;{}&#8221; custom_css_main_element_last_edited=&#8221;on|tablet&#8221; custom_css_main_element_tablet=&#8221;width: 100%;||margin: auto;||height: 600px;&#8221; custom_css_main_element_phone=&#8221;width: 100%;||margin: auto;||height: 600px;&#8221;][et_pb_text _builder_version=&#8221;4.18.0&#8243; _module_preset=&#8221;default&#8221; text_font=&#8221;TiemposHeadlineRegular||||||||&#8221; text_text_color=&#8221;#FFFFFF&#8221; text_font_size=&#8221;72px&#8221; text_line_height=&#8221;1.1em&#8221; text_orientation=&#8221;center&#8221; width=&#8221;100%&#8221; max_width=&#8221;100%&#8221; custom_margin=&#8221;300px||||false|false&#8221; text_font_size_tablet=&#8221;84px&#8221; text_font_size_phone=&#8221;84px&#8221; text_font_size_last_edited=&#8221;on|phone&#8221; global_colors_info=&#8221;{}&#8221;]<\/p>\n<p>&#8221;Citat om ett citat&#8221;<\/p>\n<p>[\/et_pb_text][\/et_pb_column][\/et_pb_row][\/et_pb_section]<\/p>\n","protected":false},"excerpt":{"rendered":"<p>En rubrik om en native15 Februari \u00d6rebro Idrottsgala 2023Inneh\u00e5ll fr\u00e5n Byggbetj\u00e4nten &#8211; stolt partner till \u00d6rebro idrottsgalaBild: Tobias ErikssonEn helt nytt dokument &#8211; ska underl\u00e4tta f\u00f6r idrottande Byggbetj\u00e4nten \u00e4r precis som det l\u00e5ter \u2013 ett f\u00f6retag som man kan anlita f\u00f6r alla former av renoveringar eller till- och utbyggnader.Men det \u00e4r ocks\u00e5 ett f\u00f6retag som [&hellip;]<\/p>\n","protected":false},"author":1,"featured_media":668,"comment_status":"closed","ping_status":"closed","sticky":false,"template":"","format":"standard","meta":{"_et_pb_use_builder":"on","_et_pb_old_content":"","_et_gb_content_width":"","footnotes":""},"categories":[11],"tags":[],"class_list":["post-660","post","type-post","status-publish","format-standard","has-post-thumbnail","hentry","category-idrottsgalan-2023"],"_links":{"self":[{"href":"https:\/\/kampanj.na.se\/idrottsgalan\/wp-json\/wp\/v2\/posts\/660","targetHints":{"allow":["GET"]}}],"collection":[{"href":"https:\/\/kampanj.na.se\/idrottsgalan\/wp-json\/wp\/v2\/posts"}],"about":[{"href":"https:\/\/kampanj.na.se\/idrottsgalan\/wp-json\/wp\/v2\/types\/post"}],"author":[{"embeddable":true,"href":"https:\/\/kampanj.na.se\/idrottsgalan\/wp-json\/wp\/v2\/users\/1"}],"replies":[{"embeddable":true,"href":"https:\/\/kampanj.na.se\/idrottsgalan\/wp-json\/wp\/v2\/comments?post=660"}],"version-history":[{"count":13,"href":"https:\/\/kampanj.na.se\/idrottsgalan\/wp-json\/wp\/v2\/posts\/660\/revisions"}],"predecessor-version":[{"id":1722,"href":"https:\/\/kampanj.na.se\/idrottsgalan\/wp-json\/wp\/v2\/posts\/660\/revisions\/1722"}],"wp:featuredmedia":[{"embeddable":true,"href":"https:\/\/kampanj.na.se\/idrottsgalan\/wp-json\/wp\/v2\/media\/668"}],"wp:attachment":[{"href":"https:\/\/kampanj.na.se\/idrottsgalan\/wp-json\/wp\/v2\/media?parent=660"}],"wp:term":[{"taxonomy":"category","embeddable":true,"href":"https:\/\/kampanj.na.se\/idrottsgalan\/wp-json\/wp\/v2\/categories?post=660"},{"taxonomy":"post_tag","embeddable":true,"href":"https:\/\/kampanj.na.se\/idrottsgalan\/wp-json\/wp\/v2\/tags?post=660"}],"curies":[{"name":"wp","href":"https:\/\/api.w.org\/{rel}","templated":true}]}}