{"id":1608,"date":"2025-11-20T14:36:57","date_gmt":"2025-11-20T13:36:57","guid":{"rendered":"https:\/\/kampanj.na.se\/idrottsgalan\/?p=1608"},"modified":"2026-01-20T15:16:24","modified_gmt":"2026-01-20T14:16:24","slug":"jul-hos-vagen-och-kramaren-lokal-gemenskap-och-festliga-aktiviteter","status":"publish","type":"post","link":"https:\/\/kampanj.na.se\/idrottsgalan\/jul-hos-vagen-och-kramaren-lokal-gemenskap-och-festliga-aktiviteter\/","title":{"rendered":"Jul hos V\u00e5gen och Kr\u00e4maren \u2013 lokal gemenskap och festliga aktiviteter"},"content":{"rendered":"<p>[et_pb_section fb_built=&#8221;1&#8243; custom_padding_last_edited=&#8221;off|phone&#8221; module_class=&#8221;brodtext&#8221; _builder_version=&#8221;4.23.4&#8243; _module_preset=&#8221;default&#8221; background_color=&#8221;#f7f9fb&#8221; custom_padding=&#8221;30px||30px||false|false&#8221; custom_padding_tablet=&#8221;50px||50px||true|false&#8221; custom_padding_phone=&#8221;40px||40px||true|false&#8221; global_colors_info=&#8221;{}&#8221; theme_builder_area=&#8221;post_content&#8221;][et_pb_row _builder_version=&#8221;4.23.1&#8243; _module_preset=&#8221;default&#8221; width_tablet=&#8221;80%&#8221; width_phone=&#8221;90%&#8221; width_last_edited=&#8221;on|phone&#8221; max_width=&#8221;640px&#8221; module_alignment=&#8221;center&#8221; custom_margin=&#8221;0px||0px||true|false&#8221; custom_padding=&#8221;0px||0px||true|false&#8221; global_colors_info=&#8221;{}&#8221; theme_builder_area=&#8221;post_content&#8221;][et_pb_column type=&#8221;4_4&#8243; _builder_version=&#8221;4.20.0&#8243; _module_preset=&#8221;default&#8221; global_colors_info=&#8221;{}&#8221; theme_builder_area=&#8221;post_content&#8221;][et_pb_text disabled_on=&#8221;on|on|on&#8221; _builder_version=&#8221;4.23.4&#8243; _module_preset=&#8221;default&#8221; text_font=&#8221;Inter||||||||&#8221; header_5_font=&#8221;Inter|||on|||||&#8221; header_5_text_color=&#8221;#141414&#8243; header_5_font_size=&#8221;14px&#8221; custom_margin=&#8221;||6px||false|false&#8221; disabled=&#8221;on&#8221; global_colors_info=&#8221;{}&#8221; theme_builder_area=&#8221;post_content&#8221;]<\/p>\n<h5>Kr\u00f6nika<\/h5>\n<p>[\/et_pb_text][et_pb_text _builder_version=&#8221;4.27.4&#8243; _module_preset=&#8221;default&#8221; header_font=&#8221;|700|||||||&#8221; header_font_size=&#8221;45px&#8221; custom_margin=&#8221;||0px||false|false&#8221; custom_padding=&#8221;||0px||false|false&#8221; header_font_size_tablet=&#8221;44px&#8221; header_font_size_phone=&#8221;30px&#8221; header_font_size_last_edited=&#8221;on|phone&#8221; custom_css_free_form=&#8221;.citat-blue{||  color:#007CBF;||}||.reg-txt{||  font-weight:normal!important;||}&#8221; global_colors_info=&#8221;{}&#8221; theme_builder_area=&#8221;post_content&#8221;]<\/p>\n<h1>Jul hos V\u00e5gen och Kr\u00e4maren \u2013 lokal gemenskap och festliga aktiviteter<\/h1>\n<p>[\/et_pb_text][et_pb_text _builder_version=&#8221;4.23.4&#8243; _dynamic_attributes=&#8221;content&#8221; _module_preset=&#8221;default&#8221; text_font=&#8221;Inter||||||||&#8221; text_text_color=&#8221;#505762&#8243; header_5_font=&#8221;Inter||||||||&#8221; header_5_text_color=&#8221;#505762&#8243; header_5_font_size=&#8221;14px&#8221; custom_margin=&#8221;||14px||false|false&#8221; global_colors_info=&#8221;{}&#8221; theme_builder_area=&#8221;post_content&#8221;]@ET-DC@eyJkeW5hbWljIjp0cnVlLCJjb250ZW50IjoicG9zdF9kYXRlIiwic2V0dGluZ3MiOnsiYmVmb3JlIjoiIiwiYWZ0ZXIiOiIiLCJkYXRlX2Zvcm1hdCI6ImRlZmF1bHQiLCJjdXN0b21fZGF0ZV9mb3JtYXQiOiIifX0=@[\/et_pb_text][et_pb_text _builder_version=&#8221;4.27.4&#8243; _module_preset=&#8221;default&#8221; text_font=&#8221;Inter|800|||||||&#8221; text_text_color=&#8221;#191919&#8243; text_font_size=&#8221;20px&#8221; header_4_font=&#8221;Inter|700|||||||&#8221; header_4_text_color=&#8221;#191919&#8243; header_4_font_size=&#8221;20px&#8221; header_4_line_height=&#8221;1.3em&#8221; custom_margin=&#8221;||0px||false|false&#8221; custom_padding=&#8221;||0px||false|false&#8221; global_colors_info=&#8221;{}&#8221; theme_builder_area=&#8221;post_content&#8221;]<\/p>\n<p>Julhandeln i \u00d6rebro bjuder p\u00e5 mer \u00e4n bara shopping \u2013 i V\u00e5gen gallerian och Kr\u00e4maren v\u00e4ntar aktiviteter, musik, \u00f6verraskningar och gemenskap f\u00f6r hela familjen.<\/p>\n<p>Upplev \u00e4kta julk\u00e4nsla med alltifr\u00e5n legobyggande och DJ-musik till gl\u00f6gg, pepparkakor och m\u00f6ten med TikTok-tomten.<\/p>\n<p>[\/et_pb_text][et_pb_text _builder_version=&#8221;4.27.5&#8243; _module_preset=&#8221;default&#8221; text_font=&#8221;Inter||||||||&#8221; text_text_color=&#8221;#141414&#8243; text_font_size=&#8221;16px&#8221; header_6_font_size=&#8221;16px&#8221; header_6_line_height=&#8221;1.3em&#8221; background_color=&#8221;#eff0f2&#8243; custom_margin=&#8221;20px||0px||false|false&#8221; custom_padding=&#8221;14px|20px|14px|20px|true|true&#8221; hover_enabled=&#8221;0&#8243; header_6_line_height_phone=&#8221;1.3em&#8221; header_6_line_height_last_edited=&#8221;off|desktop&#8221; global_colors_info=&#8221;{}&#8221; theme_builder_area=&#8221;post_content&#8221; sticky_enabled=&#8221;0&#8243;]<\/p>\n<h6 style=\"padding-bottom: 0px;\"><strong>Inneh\u00e5ll fr\u00e5n V\u00e5gen gallerian<\/strong> &amp;\u00a0<strong>Kr\u00e4maren<\/strong> &#8211; stolta huvudpartners till \u00d6rebro&nbsp;Idrottsgala 2025<\/h6>\n<p>[\/et_pb_text][\/et_pb_column][\/et_pb_row][et_pb_row _builder_version=&#8221;4.23.1&#8243; _module_preset=&#8221;default&#8221; width_tablet=&#8221;100%&#8221; width_phone=&#8221;100%&#8221; width_last_edited=&#8221;on|phone&#8221; max_width=&#8221;950px&#8221; module_alignment=&#8221;center&#8221; custom_padding=&#8221;30px||30px||true|false&#8221; global_colors_info=&#8221;{}&#8221; theme_builder_area=&#8221;post_content&#8221;][et_pb_column type=&#8221;4_4&#8243; _builder_version=&#8221;4.23.1&#8243; _module_preset=&#8221;default&#8221; global_colors_info=&#8221;{}&#8221; theme_builder_area=&#8221;post_content&#8221;][et_pb_image src=&#8221;https:\/\/kampanj.na.se\/idrottsgalan\/wp-content\/uploads\/2025\/11\/alecta-jul-2.jpg&#8221; title_text=&#8221;alecta-jul-2&#8243; _builder_version=&#8221;4.27.4&#8243; _module_preset=&#8221;default&#8221; custom_margin=&#8221;0px||10px||false|false&#8221; custom_padding=&#8221;0px||0px||false|false&#8221; global_colors_info=&#8221;{}&#8221; theme_builder_area=&#8221;post_content&#8221;][\/et_pb_image][et_pb_text _builder_version=&#8221;4.27.4&#8243; _module_preset=&#8221;default&#8221; text_text_color=&#8221;#505762&#8243; text_line_height=&#8221;1.3em&#8221; header_5_font=&#8221;Inter||||||||&#8221; header_5_text_color=&#8221;#505762&#8243; width_tablet=&#8221;80%&#8221; width_phone=&#8221;90%&#8221; width_last_edited=&#8221;on|phone&#8221; module_alignment=&#8221;center&#8221; custom_margin=&#8221;0px||0px||true|false&#8221; custom_padding=&#8221;0px||0px||false|false&#8221; custom_padding_tablet=&#8221;|||20px|false|false&#8221; custom_padding_phone=&#8221;|||20px|false|false&#8221; custom_padding_last_edited=&#8221;off|desktop&#8221; locked=&#8221;off&#8221; global_colors_info=&#8221;{}&#8221; theme_builder_area=&#8221;post_content&#8221;]<\/p>\n<p>Foto: Henrik Mill<\/p>\n<p>[\/et_pb_text][\/et_pb_column][\/et_pb_row][et_pb_row _builder_version=&#8221;4.23.1&#8243; _module_preset=&#8221;default&#8221; width_tablet=&#8221;80%&#8221; width_phone=&#8221;90%&#8221; width_last_edited=&#8221;on|phone&#8221; max_width=&#8221;640px&#8221; module_alignment=&#8221;center&#8221; custom_margin=&#8221;0px||0px||true|false&#8221; custom_padding=&#8221;0px||0px||false|false&#8221; global_colors_info=&#8221;{}&#8221; theme_builder_area=&#8221;post_content&#8221;][et_pb_column type=&#8221;4_4&#8243; _builder_version=&#8221;4.20.0&#8243; _module_preset=&#8221;default&#8221; global_colors_info=&#8221;{}&#8221; theme_builder_area=&#8221;post_content&#8221;][et_pb_text module_class=&#8221;tiempos-txt&#8221; _builder_version=&#8221;4.27.4&#8243; _module_preset=&#8221;default&#8221; text_text_color=&#8221;#191919&#8243; text_font_size=&#8221;18px&#8221; link_font=&#8221;Inter|700|||||||&#8221; link_text_color=&#8221;#1d3965&#8243; header_2_font_size=&#8221;24px&#8221; width_tablet=&#8221;100%&#8221; width_phone=&#8221;100%&#8221; width_last_edited=&#8221;off|desktop&#8221; custom_padding=&#8221;||||false|false&#8221; header_2_font_size_last_edited=&#8221;off|phone&#8221; custom_css_free_form=&#8221;h2{||  padding-bottom:0px;||  margin-bottom:8px;||}&#8221; global_colors_info=&#8221;{}&#8221; theme_builder_area=&#8221;post_content&#8221;]<\/p>\n<p><a href=\"https:\/\/www.vagenochkramaren.se\/evenemang\/julen\/\" target=\"_blank\" rel=\"noopener\">L\u00e4s mer om julen hos V\u00e5gen och Kr\u00e4maren h\u00e4r<\/a><a href=\"https:\/\/tegelbruket.org\/\" target=\"_blank\" rel=\"noopener\"><\/a><\/p>\n<p>[\/et_pb_text][et_pb_text module_class=&#8221;tiempos-txt&#8221; _builder_version=&#8221;4.27.4&#8243; _module_preset=&#8221;default&#8221; text_text_color=&#8221;#191919&#8243; text_font_size=&#8221;18px&#8221; link_font=&#8221;Inter|700|||||||&#8221; link_text_color=&#8221;#1d3965&#8243; header_2_font_size=&#8221;24px&#8221; width_tablet=&#8221;100%&#8221; width_phone=&#8221;100%&#8221; width_last_edited=&#8221;off|desktop&#8221; custom_padding=&#8221;||||false|false&#8221; header_2_font_size_last_edited=&#8221;off|phone&#8221; custom_css_free_form=&#8221;h2{||  padding-bottom:0px;||  margin-bottom:8px;||}&#8221; global_colors_info=&#8221;{}&#8221; theme_builder_area=&#8221;post_content&#8221;]<\/p>\n<p>Julen n\u00e4rmar sig och i V\u00e5gen gallerian och Kr\u00e4maren \u00e4r f\u00f6rberedelserna i full g\u00e5ng. Hela december satsar butikerna p\u00e5 att g\u00f6ra julhandeln till n\u00e5got mer \u00e4n bara shopping. H\u00e4r f\u00e5r bes\u00f6kare chansen att uppleva den \u00e4kta julk\u00e4nslan, tr\u00e4ffa v\u00e4nner, fika och ta del av ett fullsp\u00e4ckat program.<\/p>\n<p>\u2013 Den lokala handeln skapar viktiga m\u00f6tesplatser och gemenskap. Det handlar om att bevara en stad d\u00e4r m\u00e4nniskor vill bo, leva och arbeta, s\u00e4ger Ann-Sofie Svennberg, centrumchef, V\u00e5gen gallerian och Kr\u00e4maren.<\/p>\n<p>\u2013 Att handla lokalt \u00e4r ett aktivt val som ocks\u00e5 \u00e4r en investering i \u00d6rebros framtid. N\u00e4r pengarna stannar kvar och cirkulerar i det lokala kretsloppet gynnar det f\u00f6retag, butiker och entrepren\u00f6rer som har ett engagemang f\u00f6r staden. Det bidrar till fler arbetstillf\u00e4llen och ett levande centrum.<\/p>\n<p>Bland \u00e5rets h\u00f6jdpunkter finns ett stort LEGO-event i Kr\u00e4maren d\u00e4r b\u00e5de barn och vuxna kan bygga, t\u00e4vla och skapa tillsammans. H\u00e4r finns bland annat ett stort hav av LEGO d\u00e4r barn och vuxna kan hoppa ner och l\u00e5ta kreativiteten fl\u00f6da fritt! I V\u00e5gen gallerian underh\u00e5ller DJ Natalie med musik och sk\u00f6na beats och TikTok-tomten dyker upp f\u00f6r att sprida julgl\u00e4dje.<\/p>\n<p>[\/et_pb_text][et_pb_text module_class=&#8221;tiempos-txt&#8221; _builder_version=&#8221;4.27.4&#8243; _module_preset=&#8221;default&#8221; text_text_color=&#8221;#191919&#8243; text_font_size=&#8221;18px&#8221; link_font=&#8221;Inter|700|||||||&#8221; link_text_color=&#8221;#1d3965&#8243; header_2_font_size=&#8221;24px&#8221; width_tablet=&#8221;100%&#8221; width_phone=&#8221;100%&#8221; width_last_edited=&#8221;off|desktop&#8221; custom_padding=&#8221;||||false|false&#8221; header_2_font_size_last_edited=&#8221;off|phone&#8221; custom_css_free_form=&#8221;h2{||  padding-bottom:0px;||  margin-bottom:8px;||}&#8221; global_colors_info=&#8221;{}&#8221; theme_builder_area=&#8221;post_content&#8221;]<\/p>\n<p><a href=\"https:\/\/www.vagenochkramaren.se\/evenemang\/julen\/\" target=\"_blank\" rel=\"noopener\">L\u00e4s mer om julen hos V\u00e5gen och Kr\u00e4maren h\u00e4r<\/a><a href=\"https:\/\/tegelbruket.org\/\" target=\"_blank\" rel=\"noopener\"><\/a><\/p>\n<p>[\/et_pb_text][et_pb_image src=&#8221;https:\/\/kampanj.na.se\/idrottsgalan\/wp-content\/uploads\/2025\/11\/alecta-jul-1.jpg&#8221; title_text=&#8221;alecta-jul-1&#8243; _builder_version=&#8221;4.27.4&#8243; _module_preset=&#8221;default&#8221; custom_margin=&#8221;25px||10px||false|false&#8221; custom_padding=&#8221;0px||0px||true|false&#8221; locked=&#8221;off&#8221; global_colors_info=&#8221;{}&#8221; theme_builder_area=&#8221;post_content&#8221;][\/et_pb_image][et_pb_text _builder_version=&#8221;4.27.4&#8243; _module_preset=&#8221;default&#8221; text_text_color=&#8221;#505762&#8243; text_line_height=&#8221;1.3em&#8221; header_5_font=&#8221;Inter||||||||&#8221; header_5_text_color=&#8221;#505762&#8243; width_tablet=&#8221;80%&#8221; width_phone=&#8221;90%&#8221; width_last_edited=&#8221;off|desktop&#8221; custom_margin=&#8221;0px||0px||true|false&#8221; custom_padding=&#8221;0px||0px||false|false&#8221; custom_padding_tablet=&#8221;|||20px|false|false&#8221; custom_padding_phone=&#8221;|||20px|false|false&#8221; custom_padding_last_edited=&#8221;off|desktop&#8221; locked=&#8221;off&#8221; global_colors_info=&#8221;{}&#8221; theme_builder_area=&#8221;post_content&#8221;]<\/p>\n<p>Foto: Henrik Mill<\/p>\n<p>[\/et_pb_text][et_pb_text disabled_on=&#8221;on|on|on&#8221; _builder_version=&#8221;4.24.2&#8243; _module_preset=&#8221;default&#8221; text_text_color=&#8221;#505762&#8243; text_line_height=&#8221;1.3em&#8221; header_5_font=&#8221;Inter||||||||&#8221; header_5_text_color=&#8221;#505762&#8243; width_tablet=&#8221;100%&#8221; width_phone=&#8221;100%&#8221; width_last_edited=&#8221;off|desktop&#8221; custom_margin=&#8221;0px||25px||false|false&#8221; custom_padding=&#8221;0px||0px||false|false&#8221; custom_padding_tablet=&#8221;|||20px|false|false&#8221; custom_padding_phone=&#8221;|||20px|false|false&#8221; custom_padding_last_edited=&#8221;off|desktop&#8221; disabled=&#8221;on&#8221; locked=&#8221;off&#8221; global_colors_info=&#8221;{}&#8221; theme_builder_area=&#8221;post_content&#8221;]<\/p>\n<p>Bildtext.<\/p>\n<p>[\/et_pb_text][et_pb_text _builder_version=&#8221;4.27.4&#8243; _module_preset=&#8221;default&#8221; text_text_color=&#8221;#191919&#8243; text_font_size=&#8221;16px&#8221; background_color=&#8221;#f0f0f2&#8243; custom_margin=&#8221;30px||||false|false&#8221; custom_padding=&#8221;30px|30px|30px|30px|true|true&#8221; border_radii=&#8221;on|0.5rem|0.5rem|0.5rem|0.5rem&#8221; global_colors_info=&#8221;{}&#8221; theme_builder_area=&#8221;post_content&#8221;]<\/p>\n<h2>Julprogram V\u00e5gen<\/h2>\n<p><strong>Fredag 28\/11 kl. 12\u201316<\/strong><br \/>\u2022 DJ Natalie spelar sk\u00f6na beats och drar ig\u00e5ng helgen.<\/p>\n<p><strong>L\u00f6rdag 29\/11 kl. 11\u201315<\/strong><br \/>\u2022 DJ Natalie p\u00e5 plats<br \/>\u2022 Bloppis med bland andra Therese Wickmann och Victoria Riis fr\u00e5n Matplatsen<\/p>\n<p><strong>S\u00f6ndag 30\/11 kl. 11\u201315<\/strong><br \/>\u2022 Bemannad presentinslagning till f\u00f6rm\u00e5n f\u00f6r Kvinnohuset<br \/>\u2022 Vi bjuder p\u00e5 gl\u00f6gg och pepparkakor<br \/>\u2022 TikTok-tomten p\u00e5 plats \u2013 i tomtestolen kl. <strong>11.30 <\/strong>och<strong> 13.30<\/strong><\/p>\n<p><strong>Varje helg fram till jul kl. 11-15 \u2013 V\u00e5gen<\/strong><br \/>\u2022 Kl. 11\u201315: Presentinslagning till f\u00f6rm\u00e5n f\u00f6r \u00d6rebro stadsmission<br \/>\u2022 Kl. 11\u201315: Gl\u00f6gg och pepparkakor<br \/>\u2022 Tr\u00e4ffa TikTok-tomten p\u00e5 s\u00f6ndagar &#8211; i tomtestolen kl. 11.30 och 13.30<\/p>\n<p>[\/et_pb_text][et_pb_text _builder_version=&#8221;4.27.4&#8243; _module_preset=&#8221;default&#8221; text_text_color=&#8221;#191919&#8243; text_font_size=&#8221;16px&#8221; background_color=&#8221;#f0f0f2&#8243; custom_margin=&#8221;30px||||false|false&#8221; custom_padding=&#8221;30px|30px|30px|30px|true|true&#8221; border_radii=&#8221;on|0.5rem|0.5rem|0.5rem|0.5rem&#8221; global_colors_info=&#8221;{}&#8221; theme_builder_area=&#8221;post_content&#8221;]<\/p>\n<h2>Julprogram Kr\u00e4maren<\/h2>\n<p><strong>L\u00f6rdag 29\/11 kl. 10\u201317 &amp; s\u00f6ndag 30\/11 kl. 11\u201317<\/strong><br \/>\u2022 Tomtens LEGO-verkstad \u2013 byggpussel, julstad, pepparkakshus i LEGO, julgran och mosaiktavlor<\/p>\n<p><strong>Varje l\u00f6rdag fram till jul kl. 11-15 \u2013 Kr\u00e4maren<\/strong><br \/><span style=\"font-weight: 400;\">\u2022 <\/span>Bemannad presentinslagning till f\u00f6rm\u00e5n f\u00f6r \u00d6rebro stadsmission<br \/><span style=\"font-weight: 400;\">\u2022 <\/span>Vi bjuder p\u00e5 gl\u00f6gg och pepparkakor!<br \/><span style=\"font-weight: 400;\">\u2022 <\/span>Tr\u00e4ffa TikTok-tomten \u2013 i tomtestolen kl. <strong>11.30<\/strong> och <strong>13.30<\/strong><\/p>\n<p><strong>\u00d6vrigt p\u00e5 Kr\u00e4maren<\/strong><br \/>\u2022 Julbasar med R\u00e4dda Barnen: <strong>27\u201329\/11<\/strong><br \/>\u2022 \u00d6rebro L\u00e4ns museum \u2013 popup: <strong>4\u201321\/12<\/strong><\/p>\n<p>[\/et_pb_text][et_pb_text module_class=&#8221;tiempos-txt&#8221; _builder_version=&#8221;4.27.4&#8243; _module_preset=&#8221;default&#8221; text_text_color=&#8221;#191919&#8243; text_font_size=&#8221;18px&#8221; link_font=&#8221;Inter|700|||||||&#8221; link_text_color=&#8221;#1d3965&#8243; header_2_font_size=&#8221;24px&#8221; width_tablet=&#8221;100%&#8221; width_phone=&#8221;100%&#8221; width_last_edited=&#8221;off|desktop&#8221; custom_margin=&#8221;30px||||false|false&#8221; custom_padding=&#8221;||||false|false&#8221; header_2_font_size_last_edited=&#8221;off|phone&#8221; custom_css_free_form=&#8221;h2{||  padding-bottom:0px;||  margin-bottom:8px;||}&#8221; global_colors_info=&#8221;{}&#8221; theme_builder_area=&#8221;post_content&#8221;]<\/p>\n<h2>Julens \u00f6ppettider<\/h2>\n<p>Vardagar 10-19<br \/>L\u00f6rdagar 10-17<br \/>S\u00f6ndagar 11-17<\/p>\n<p>24\/12 Julafton: <strong>10.00\u201314.00<\/strong><br \/>25\/12 Juldagen: <strong>St\u00e4ngt<\/strong><br \/>26\/12 Annandag jul: <strong>11.00\u201317.00<\/strong><br \/>31\/12 Ny\u00e5rsafton: <strong>10.00\u201314.00<\/strong><br \/>1\/1 Ny\u00e5rsdagen: <strong>St\u00e4ngt<\/strong><\/p>\n<p>[\/et_pb_text][et_pb_text disabled_on=&#8221;on|on|on&#8221; _builder_version=&#8221;4.27.4&#8243; _module_preset=&#8221;default&#8221; text_text_color=&#8221;#191919&#8243; text_font_size=&#8221;16px&#8221; background_color=&#8221;#f0f0f2&#8243; custom_margin=&#8221;30px||||false|false&#8221; custom_padding=&#8221;30px|30px|30px|30px|true|true&#8221; border_radii=&#8221;on|0.5rem|0.5rem|0.5rem|0.5rem&#8221; disabled=&#8221;on&#8221; global_module=&#8221;1480&#8243; locked=&#8221;off&#8221; global_colors_info=&#8221;{}&#8221; theme_builder_area=&#8221;post_content&#8221;]<\/p>\n<h2>Idrottsgalan i \u00d6rebro<\/h2>\n<p><strong>N\u00e4r:<\/strong> Den 19 mars 2025.<\/p>\n<p><strong>Var:<\/strong> Conventum kongress.<\/p>\n<p><strong>Uppl\u00e4gg:<\/strong> NA vill tillsammans med en rad partners uppm\u00e4rksamma s\u00e5v\u00e4l elit- som breddidrotten i \u00d6rebro l\u00e4n. Totalt elva priser ska delas ut. G\u00e4sterna f\u00e5r \u00e4ran att vandra p\u00e5 den r\u00f6da mattan \u2013 och i vanlig galaordning kommer det att ske fotografering, mingel, artistupptr\u00e4danden samt serveras en trer\u00e4ttersmiddag.<\/p>\n<p><strong>Konferencier:<\/strong> Tv-profilen Jessica Almen\u00e4s.<\/p>\n<p><strong>Biljetter:<\/strong> Finns att k\u00f6pa <span style=\"text-decoration: underline;\"><strong><a href=\"https:\/\/secure.tickster.com\/n1rzgg14ywg5xm9\" target=\"_blank\" rel=\"noopener\">h\u00e4r<\/a><\/strong><\/span><\/p>\n<p>[\/et_pb_text][\/et_pb_column][\/et_pb_row][\/et_pb_section]<\/p>\n","protected":false},"excerpt":{"rendered":"<p>Kr\u00f6nikaJul hos V\u00e5gen och Kr\u00e4maren \u2013 lokal gemenskap och festliga aktiviteterJulhandeln i \u00d6rebro bjuder p\u00e5 mer \u00e4n bara shopping \u2013 i V\u00e5gen gallerian och Kr\u00e4maren v\u00e4ntar aktiviteter, musik, \u00f6verraskningar och gemenskap f\u00f6r hela familjen. Upplev \u00e4kta julk\u00e4nsla med alltifr\u00e5n legobyggande och DJ-musik till gl\u00f6gg, pepparkakor och m\u00f6ten med TikTok-tomten.Inneh\u00e5ll fr\u00e5n V\u00e5gen gallerian &amp;\u00a0Kr\u00e4maren &#8211; stolta [&hellip;]<\/p>\n","protected":false},"author":1,"featured_media":1621,"comment_status":"closed","ping_status":"closed","sticky":false,"template":"","format":"standard","meta":{"_et_pb_use_builder":"on","_et_pb_old_content":"","_et_gb_content_width":"","footnotes":""},"categories":[13],"tags":[],"class_list":["post-1608","post","type-post","status-publish","format-standard","has-post-thumbnail","hentry","category-idrottsgalan-2025"],"_links":{"self":[{"href":"https:\/\/kampanj.na.se\/idrottsgalan\/wp-json\/wp\/v2\/posts\/1608","targetHints":{"allow":["GET"]}}],"collection":[{"href":"https:\/\/kampanj.na.se\/idrottsgalan\/wp-json\/wp\/v2\/posts"}],"about":[{"href":"https:\/\/kampanj.na.se\/idrottsgalan\/wp-json\/wp\/v2\/types\/post"}],"author":[{"embeddable":true,"href":"https:\/\/kampanj.na.se\/idrottsgalan\/wp-json\/wp\/v2\/users\/1"}],"replies":[{"embeddable":true,"href":"https:\/\/kampanj.na.se\/idrottsgalan\/wp-json\/wp\/v2\/comments?post=1608"}],"version-history":[{"count":15,"href":"https:\/\/kampanj.na.se\/idrottsgalan\/wp-json\/wp\/v2\/posts\/1608\/revisions"}],"predecessor-version":[{"id":1684,"href":"https:\/\/kampanj.na.se\/idrottsgalan\/wp-json\/wp\/v2\/posts\/1608\/revisions\/1684"}],"wp:featuredmedia":[{"embeddable":true,"href":"https:\/\/kampanj.na.se\/idrottsgalan\/wp-json\/wp\/v2\/media\/1621"}],"wp:attachment":[{"href":"https:\/\/kampanj.na.se\/idrottsgalan\/wp-json\/wp\/v2\/media?parent=1608"}],"wp:term":[{"taxonomy":"category","embeddable":true,"href":"https:\/\/kampanj.na.se\/idrottsgalan\/wp-json\/wp\/v2\/categories?post=1608"},{"taxonomy":"post_tag","embeddable":true,"href":"https:\/\/kampanj.na.se\/idrottsgalan\/wp-json\/wp\/v2\/tags?post=1608"}],"curies":[{"name":"wp","href":"https:\/\/api.w.org\/{rel}","templated":true}]}}