{"id":1527,"date":"2025-09-04T16:44:38","date_gmt":"2025-09-04T14:44:38","guid":{"rendered":"https:\/\/kampanj.na.se\/idrottsgalan\/?p=1527"},"modified":"2026-01-22T10:50:45","modified_gmt":"2026-01-22T09:50:45","slug":"shoppinghelg-med-guldkant","status":"publish","type":"post","link":"https:\/\/kampanj.na.se\/idrottsgalan\/shoppinghelg-med-guldkant\/","title":{"rendered":"Shoppinghelg med guldkant"},"content":{"rendered":"<p>[et_pb_section fb_built=&#8221;1&#8243; custom_padding_last_edited=&#8221;off|phone&#8221; module_class=&#8221;brodtext&#8221; _builder_version=&#8221;4.23.4&#8243; _module_preset=&#8221;default&#8221; background_color=&#8221;#f7f9fb&#8221; custom_padding=&#8221;30px||30px||false|false&#8221; custom_padding_tablet=&#8221;50px||50px||true|false&#8221; custom_padding_phone=&#8221;40px||40px||true|false&#8221; global_colors_info=&#8221;{}&#8221;][et_pb_row _builder_version=&#8221;4.23.1&#8243; _module_preset=&#8221;default&#8221; width_tablet=&#8221;80%&#8221; width_phone=&#8221;90%&#8221; width_last_edited=&#8221;on|phone&#8221; max_width=&#8221;640px&#8221; module_alignment=&#8221;center&#8221; custom_margin=&#8221;0px||0px||true|false&#8221; custom_padding=&#8221;0px||0px||true|false&#8221; global_colors_info=&#8221;{}&#8221;][et_pb_column type=&#8221;4_4&#8243; _builder_version=&#8221;4.20.0&#8243; _module_preset=&#8221;default&#8221; global_colors_info=&#8221;{}&#8221;][et_pb_text disabled_on=&#8221;on|on|on&#8221; _builder_version=&#8221;4.23.4&#8243; _module_preset=&#8221;default&#8221; text_font=&#8221;Inter||||||||&#8221; header_5_font=&#8221;Inter|||on|||||&#8221; header_5_text_color=&#8221;#141414&#8243; header_5_font_size=&#8221;14px&#8221; custom_margin=&#8221;||6px||false|false&#8221; disabled=&#8221;on&#8221; global_colors_info=&#8221;{}&#8221;]<\/p>\n<h5>Kr\u00f6nika<\/h5>\n<p>[\/et_pb_text][et_pb_text _builder_version=&#8221;4.27.4&#8243; _module_preset=&#8221;default&#8221; header_font=&#8221;|700|||||||&#8221; header_font_size=&#8221;43px&#8221; custom_margin=&#8221;||0px||false|false&#8221; custom_padding=&#8221;||0px||false|false&#8221; header_font_size_tablet=&#8221;40px&#8221; header_font_size_phone=&#8221;32px&#8221; header_font_size_last_edited=&#8221;on|phone&#8221; custom_css_free_form=&#8221;.citat-blue{||  color:#007CBF;||}||.reg-txt{||  font-weight:normal!important;||}&#8221; global_colors_info=&#8221;{}&#8221;]<\/p>\n<h1>Shoppinghelg med guldkant<\/h1>\n<p>[\/et_pb_text][et_pb_text _builder_version=&#8221;4.23.4&#8243; _dynamic_attributes=&#8221;content&#8221; _module_preset=&#8221;default&#8221; text_font=&#8221;Inter||||||||&#8221; text_text_color=&#8221;#505762&#8243; header_5_font=&#8221;Inter||||||||&#8221; header_5_text_color=&#8221;#505762&#8243; header_5_font_size=&#8221;14px&#8221; custom_margin=&#8221;||14px||false|false&#8221; global_colors_info=&#8221;{}&#8221;]@ET-DC@eyJkeW5hbWljIjp0cnVlLCJjb250ZW50IjoicG9zdF9kYXRlIiwic2V0dGluZ3MiOnsiYmVmb3JlIjoiIiwiYWZ0ZXIiOiIiLCJkYXRlX2Zvcm1hdCI6ImRlZmF1bHQiLCJjdXN0b21fZGF0ZV9mb3JtYXQiOiIifX0=@[\/et_pb_text][et_pb_text _builder_version=&#8221;4.27.4&#8243; _module_preset=&#8221;default&#8221; text_font=&#8221;Inter|800|||||||&#8221; text_text_color=&#8221;#191919&#8243; text_font_size=&#8221;20px&#8221; header_4_font=&#8221;Inter|700|||||||&#8221; header_4_text_color=&#8221;#191919&#8243; header_4_font_size=&#8221;20px&#8221; header_4_line_height=&#8221;1.3em&#8221; custom_margin=&#8221;||0px||false|false&#8221; custom_padding=&#8221;||0px||false|false&#8221; global_colors_info=&#8221;{}&#8221;]<\/p>\n<p>Sista helgen i september bjuder Kr\u00e4maren och V\u00e5gen Gallerian p\u00e5 shopping, inspiration och upplevelser ut\u00f6ver det vanliga.<br \/>\u2013 Butikerna har fyllt p\u00e5 med h\u00f6stens nyheter och trender. D\u00e4rf\u00f6r vill vi passa p\u00e5 att bjuda in till en shoppinghelg dit du kan komma f\u00f6r att bli inspirerad, eller bara f\u00e5 en anledning att komma ut p\u00e5 stan och njuta av st\u00e4mningen, s\u00e4ger Emelie Oscarson, centrumledare.<\/p>\n<p>[\/et_pb_text][et_pb_text _builder_version=&#8221;4.27.5&#8243; _module_preset=&#8221;default&#8221; text_font=&#8221;Inter||||||||&#8221; text_text_color=&#8221;#141414&#8243; text_font_size=&#8221;16px&#8221; header_6_font_size=&#8221;16px&#8221; header_6_line_height=&#8221;1.3em&#8221; background_color=&#8221;#eff0f2&#8243; custom_margin=&#8221;20px||0px||false|false&#8221; custom_padding=&#8221;14px|20px|14px|20px|true|true&#8221; hover_enabled=&#8221;0&#8243; header_6_line_height_phone=&#8221;1.3em&#8221; header_6_line_height_last_edited=&#8221;off|desktop&#8221; global_colors_info=&#8221;{}&#8221; sticky_enabled=&#8221;0&#8243;]<\/p>\n<h6 style=\"padding-bottom: 0px;\"><strong>Inneh\u00e5ll fr\u00e5n V\u00e5gen Galleria<\/strong> och <strong>Kr\u00e4maren<\/strong> &#8211; stolta huvudpartners till \u00d6rebro&nbsp;idrottsgala 2025.<\/h6>\n<p>[\/et_pb_text][\/et_pb_column][\/et_pb_row][et_pb_row _builder_version=&#8221;4.23.1&#8243; _module_preset=&#8221;default&#8221; width_tablet=&#8221;100%&#8221; width_phone=&#8221;100%&#8221; width_last_edited=&#8221;on|phone&#8221; max_width=&#8221;950px&#8221; module_alignment=&#8221;center&#8221; custom_padding=&#8221;30px||30px||true|false&#8221; global_colors_info=&#8221;{}&#8221;][et_pb_column type=&#8221;4_4&#8243; _builder_version=&#8221;4.23.1&#8243; _module_preset=&#8221;default&#8221; global_colors_info=&#8221;{}&#8221;][et_pb_image src=&#8221;https:\/\/kampanj.na.se\/idrottsgalan\/wp-content\/uploads\/2025\/09\/alecta_Foto_Henrik_Mill.jpg&#8221; title_text=&#8221;alecta_Foto_Henrik_Mill&#8221; _builder_version=&#8221;4.27.4&#8243; _module_preset=&#8221;default&#8221; custom_margin=&#8221;0px||10px||false|false&#8221; custom_padding=&#8221;0px||0px||false|false&#8221; global_colors_info=&#8221;{}&#8221;][\/et_pb_image][et_pb_text _builder_version=&#8221;4.27.4&#8243; _module_preset=&#8221;default&#8221; text_text_color=&#8221;#505762&#8243; text_line_height=&#8221;1.3em&#8221; header_5_font=&#8221;Inter||||||||&#8221; header_5_text_color=&#8221;#505762&#8243; width_tablet=&#8221;80%&#8221; width_phone=&#8221;90%&#8221; width_last_edited=&#8221;on|phone&#8221; module_alignment=&#8221;center&#8221; custom_margin=&#8221;0px||0px||true|false&#8221; custom_padding=&#8221;0px||0px||false|false&#8221; custom_padding_tablet=&#8221;|||20px|false|false&#8221; custom_padding_phone=&#8221;|||20px|false|false&#8221; custom_padding_last_edited=&#8221;off|desktop&#8221; locked=&#8221;off&#8221; global_colors_info=&#8221;{}&#8221;]<\/p>\n<p>Foto: Henrik Mill<\/p>\n<p>[\/et_pb_text][\/et_pb_column][\/et_pb_row][et_pb_row _builder_version=&#8221;4.23.1&#8243; _module_preset=&#8221;default&#8221; width_tablet=&#8221;80%&#8221; width_phone=&#8221;90%&#8221; width_last_edited=&#8221;on|phone&#8221; max_width=&#8221;640px&#8221; module_alignment=&#8221;center&#8221; custom_margin=&#8221;0px||0px||true|false&#8221; custom_padding=&#8221;0px||0px||false|false&#8221; global_colors_info=&#8221;{}&#8221;][et_pb_column type=&#8221;4_4&#8243; _builder_version=&#8221;4.20.0&#8243; _module_preset=&#8221;default&#8221; global_colors_info=&#8221;{}&#8221;][et_pb_text module_class=&#8221;tiempos-txt&#8221; _builder_version=&#8221;4.27.4&#8243; _module_preset=&#8221;default&#8221; text_text_color=&#8221;#191919&#8243; text_font_size=&#8221;18px&#8221; link_font=&#8221;Inter|700|||||||&#8221; link_text_color=&#8221;#1d3965&#8243; header_2_font_size=&#8221;24px&#8221; width_tablet=&#8221;100%&#8221; width_phone=&#8221;100%&#8221; width_last_edited=&#8221;off|desktop&#8221; custom_padding=&#8221;||||false|false&#8221; header_2_font_size_last_edited=&#8221;off|phone&#8221; custom_css_free_form=&#8221;h2{||  padding-bottom:0px;||  margin-bottom:8px;||}&#8221; global_colors_info=&#8221;{}&#8221;]<\/p>\n<p><a href=\"https:\/\/www.vagenochkramaren.se\/stora-shoppinghelgen-2025\/\" target=\"_blank\" rel=\"noopener\">EXTERN L\u00c4NK: L\u00e4s mer om Stora Shoppinghelgen h\u00e4r<\/a><a href=\"https:\/\/tegelbruket.org\/\" target=\"_blank\" rel=\"noopener\"><\/a><\/p>\n<p>[\/et_pb_text][et_pb_text module_class=&#8221;tiempos-txt&#8221; _builder_version=&#8221;4.27.4&#8243; _module_preset=&#8221;default&#8221; text_text_color=&#8221;#191919&#8243; text_font_size=&#8221;18px&#8221; link_font=&#8221;Inter|700|||||||&#8221; link_text_color=&#8221;#1d3965&#8243; header_2_font_size=&#8221;24px&#8221; width_tablet=&#8221;100%&#8221; width_phone=&#8221;100%&#8221; width_last_edited=&#8221;off|desktop&#8221; custom_padding=&#8221;||||false|false&#8221; header_2_font_size_last_edited=&#8221;off|phone&#8221; custom_css_free_form=&#8221;h2{||  padding-bottom:0px;||  margin-bottom:8px;||}&#8221; global_colors_info=&#8221;{}&#8221;]<\/p>\n<p>Exklusiva erbjudanden, t\u00e4vlingar, styling, konst och en popul\u00e4r Bloppis \u00e4r en del av allt h\u00e4rligt som v\u00e4ntar \u2013 allt f\u00f6r att skapa en festlig helg med n\u00e5got f\u00f6r alla.<\/p>\n<p>P\u00e5 Kr\u00e4maren kan bes\u00f6karna bland annat t\u00e4vla om en stor Kexchoklad hos Teknikbr\u00f6derna och bli ompysslade av Drottningblankas gymnasieskolas elever, som erbjuder h\u00e5rstyling, makeup, manikyr och f\u00e4rganalys \u2013 helt kostnadsfritt. Fotoklubben Zoom visar dessutom utst\u00e4llningen &#8221;Kommunen&#8221;, d\u00e4r 26 fotografer skildrar \u00d6rebro ur nya vinklar. Under shoppinghelgen h\u00e5lls \u00e4ven kostnadsfria miniworkshops f\u00f6r dig som vill ta b\u00e4ttre bilder med mobilen eller kameran.<\/p>\n<p>I V\u00e5gen Gallerian v\u00e4ntar goodiebags till alla barn hos Deichmann, och den prisbel\u00f6nte fotografen Magnus Wahman st\u00e4ller ut bilder ur sin nya bok &#8221;Short Ends&#8221; \u2013 med vernissage och boksignering p\u00e5 plats. F\u00f6r glas\u00f6gonb\u00e4raren som vill v\u00e4ssa sin makeup erbjuds kostnadsfria kurser i samarbete med KICKS och Synoptik. Dessutom \u00e4r Bloppisen tillbaka, d\u00e4r fyra v\u00e4lk\u00e4nda influencers s\u00e4ljer kl\u00e4der, inredning och prylar \u2013 en chans att fynda och inspireras. Shoppa allt fr\u00e5n dam- och barnkl\u00e4der, skor, inredning, leksaker, b\u00f6cker, k\u00f6ksprylar och mycket mer till fyndpriser, fr\u00e5n Therese Wickman, Katarina Kling, Malin Skyman och Lena Larje.<\/p>\n<p>Programmet fylls fortfarande p\u00e5 efter hand och alla erbjudanden sl\u00e4pps kv\u00e4llen den 25 september.<\/p>\n<p>[\/et_pb_text][et_pb_image src=&#8221;https:\/\/kampanj.na.se\/idrottsgalan\/wp-content\/uploads\/2025\/09\/alecta-2.jpg&#8221; title_text=&#8221;alecta-2&#8243; _builder_version=&#8221;4.27.4&#8243; _module_preset=&#8221;default&#8221; custom_margin=&#8221;25px||10px||false|false&#8221; custom_padding=&#8221;0px||0px||true|false&#8221; locked=&#8221;off&#8221; global_colors_info=&#8221;{}&#8221;][\/et_pb_image][et_pb_text disabled_on=&#8221;on|on|on&#8221; _builder_version=&#8221;4.24.2&#8243; _module_preset=&#8221;default&#8221; text_text_color=&#8221;#505762&#8243; text_line_height=&#8221;1.3em&#8221; header_5_font=&#8221;Inter||||||||&#8221; header_5_text_color=&#8221;#505762&#8243; width_tablet=&#8221;100%&#8221; width_phone=&#8221;100%&#8221; width_last_edited=&#8221;off|desktop&#8221; custom_margin=&#8221;0px||25px||false|false&#8221; custom_padding=&#8221;0px||0px||false|false&#8221; custom_padding_tablet=&#8221;|||20px|false|false&#8221; custom_padding_phone=&#8221;|||20px|false|false&#8221; custom_padding_last_edited=&#8221;off|desktop&#8221; disabled=&#8221;on&#8221; locked=&#8221;off&#8221; global_colors_info=&#8221;{}&#8221;]<\/p>\n<p>Bildtext.<\/p>\n<p>[\/et_pb_text][et_pb_text _builder_version=&#8221;4.27.4&#8243; _module_preset=&#8221;default&#8221; text_text_color=&#8221;#191919&#8243; text_font_size=&#8221;16px&#8221; background_color=&#8221;#f0f0f2&#8243; custom_margin=&#8221;30px||||false|false&#8221; custom_padding=&#8221;30px|30px|30px|30px|true|true&#8221; border_radii=&#8221;on|0.5rem|0.5rem|0.5rem|0.5rem&#8221; global_colors_info=&#8221;{}&#8221;]<\/p>\n<h6>FAKTA<\/h6>\n<h2>Det h\u00e4r h\u00e4nder p\u00e5 Kr\u00e4maren<\/h2>\n<ul style=\"padding-bottom:0px;\">\n<li>T\u00e4vling hos Teknikbr\u00f6derna: vinn en stor Kexchoklad<\/li>\n<li>Kostnadsfri styling med Drottning Blankas gymnasieskola (fredag)<\/li>\n<li>Fotoutst\u00e4llning &#8221;Kommunen&#8221; av Fotoklubben Zoom<\/li>\n<li>Miniworkshops i foto<\/li>\n<\/ul>\n<p>[\/et_pb_text][et_pb_text _builder_version=&#8221;4.27.4&#8243; _module_preset=&#8221;default&#8221; text_text_color=&#8221;#191919&#8243; text_font_size=&#8221;16px&#8221; background_color=&#8221;#f0f0f2&#8243; custom_margin=&#8221;30px||||false|false&#8221; custom_padding=&#8221;30px|30px|30px|30px|true|true&#8221; border_radii=&#8221;on|0.5rem|0.5rem|0.5rem|0.5rem&#8221; global_colors_info=&#8221;{}&#8221;]<\/p>\n<h6>FAKTA<\/h6>\n<h2>Det h\u00e4r h\u00e4nder p\u00e5 V\u00e5gen<\/h2>\n<ul style=\"padding-bottom:0px;\">\n<li>Goodiebags till barn hos Deichmann (s\u00e5 l\u00e4nge lagret r\u00e4cker)<\/li>\n<li>Fotoutst\u00e4llning och boksignering med Magnus Wahman<\/li>\n<li>Kostnadsfri makeupkurs f\u00f6r glas\u00f6gonb\u00e4rare. Kostnadsfritt! Boka din plats hos Kicks eller Synoptik.<\/li>\n<li>Sm\u00e5 praliner s\u00e4ljer delikata praliner (fredag)<\/li>\n<li>Bloppis med dam- och barnkl\u00e4der, skor, inredning, leksaker, b\u00f6cker, k\u00f6ksprylar med mera, fr\u00e5n influencerna Therese Wickman (@theresewickman), Katarina Kling (@klingskitchen) , Malin Skyman (@malinshusochhem) och Lena Larje (@traning40) (l\u00f6rdag och s\u00f6ndag 10-15)<\/li>\n<\/ul>\n<p>[\/et_pb_text][et_pb_text disabled_on=&#8221;on|on|on&#8221; _builder_version=&#8221;4.27.4&#8243; _module_preset=&#8221;default&#8221; text_text_color=&#8221;#191919&#8243; text_font_size=&#8221;16px&#8221; background_color=&#8221;#f0f0f2&#8243; custom_margin=&#8221;30px||||false|false&#8221; custom_padding=&#8221;30px|30px|30px|30px|true|true&#8221; border_radii=&#8221;on|0.5rem|0.5rem|0.5rem|0.5rem&#8221; disabled=&#8221;on&#8221; global_module=&#8221;1480&#8243; locked=&#8221;off&#8221; global_colors_info=&#8221;{}&#8221;]<\/p>\n<h2>Idrottsgalan i \u00d6rebro<\/h2>\n<p><strong>N\u00e4r:<\/strong> Den 19 mars 2025.<\/p>\n<p><strong>Var:<\/strong> Conventum kongress.<\/p>\n<p><strong>Uppl\u00e4gg:<\/strong> NA vill tillsammans med en rad partners uppm\u00e4rksamma s\u00e5v\u00e4l elit- som breddidrotten i \u00d6rebro l\u00e4n. Totalt elva priser ska delas ut. G\u00e4sterna f\u00e5r \u00e4ran att vandra p\u00e5 den r\u00f6da mattan \u2013 och i vanlig galaordning kommer det att ske fotografering, mingel, artistupptr\u00e4danden samt serveras en trer\u00e4ttersmiddag.<\/p>\n<p><strong>Konferencier:<\/strong> Tv-profilen Jessica Almen\u00e4s.<\/p>\n<p><strong>Biljetter:<\/strong> Finns att k\u00f6pa <span style=\"text-decoration: underline;\"><strong><a href=\"https:\/\/secure.tickster.com\/n1rzgg14ywg5xm9\" target=\"_blank\" rel=\"noopener\">h\u00e4r<\/a><\/strong><\/span><\/p>\n<p>[\/et_pb_text][\/et_pb_column][\/et_pb_row][\/et_pb_section]<\/p>\n","protected":false},"excerpt":{"rendered":"<p>Kr\u00f6nikaShoppinghelg med guldkantSista helgen i september bjuder Kr\u00e4maren och V\u00e5gen Gallerian p\u00e5 shopping, inspiration och upplevelser ut\u00f6ver det vanliga.\u2013 Butikerna har fyllt p\u00e5 med h\u00f6stens nyheter och trender. D\u00e4rf\u00f6r vill vi passa p\u00e5 att bjuda in till en shoppinghelg dit du kan komma f\u00f6r att bli inspirerad, eller bara f\u00e5 en anledning att komma ut [&hellip;]<\/p>\n","protected":false},"author":1,"featured_media":1533,"comment_status":"closed","ping_status":"closed","sticky":false,"template":"","format":"standard","meta":{"_et_pb_use_builder":"on","_et_pb_old_content":"","_et_gb_content_width":"","footnotes":""},"categories":[13],"tags":[],"class_list":["post-1527","post","type-post","status-publish","format-standard","has-post-thumbnail","hentry","category-idrottsgalan-2025"],"_links":{"self":[{"href":"https:\/\/kampanj.na.se\/idrottsgalan\/wp-json\/wp\/v2\/posts\/1527","targetHints":{"allow":["GET"]}}],"collection":[{"href":"https:\/\/kampanj.na.se\/idrottsgalan\/wp-json\/wp\/v2\/posts"}],"about":[{"href":"https:\/\/kampanj.na.se\/idrottsgalan\/wp-json\/wp\/v2\/types\/post"}],"author":[{"embeddable":true,"href":"https:\/\/kampanj.na.se\/idrottsgalan\/wp-json\/wp\/v2\/users\/1"}],"replies":[{"embeddable":true,"href":"https:\/\/kampanj.na.se\/idrottsgalan\/wp-json\/wp\/v2\/comments?post=1527"}],"version-history":[{"count":13,"href":"https:\/\/kampanj.na.se\/idrottsgalan\/wp-json\/wp\/v2\/posts\/1527\/revisions"}],"predecessor-version":[{"id":1691,"href":"https:\/\/kampanj.na.se\/idrottsgalan\/wp-json\/wp\/v2\/posts\/1527\/revisions\/1691"}],"wp:featuredmedia":[{"embeddable":true,"href":"https:\/\/kampanj.na.se\/idrottsgalan\/wp-json\/wp\/v2\/media\/1533"}],"wp:attachment":[{"href":"https:\/\/kampanj.na.se\/idrottsgalan\/wp-json\/wp\/v2\/media?parent=1527"}],"wp:term":[{"taxonomy":"category","embeddable":true,"href":"https:\/\/kampanj.na.se\/idrottsgalan\/wp-json\/wp\/v2\/categories?post=1527"},{"taxonomy":"post_tag","embeddable":true,"href":"https:\/\/kampanj.na.se\/idrottsgalan\/wp-json\/wp\/v2\/tags?post=1527"}],"curies":[{"name":"wp","href":"https:\/\/api.w.org\/{rel}","templated":true}]}}