{"id":1511,"date":"2025-03-20T11:03:15","date_gmt":"2025-03-20T10:03:15","guid":{"rendered":"https:\/\/kampanj.na.se\/idrottsgalan\/?p=1511"},"modified":"2026-01-22T10:51:24","modified_gmt":"2026-01-22T09:51:24","slug":"eyrafaltet-utvecklas-for-ett-starkare-orebro","status":"publish","type":"post","link":"https:\/\/kampanj.na.se\/idrottsgalan\/eyrafaltet-utvecklas-for-ett-starkare-orebro\/","title":{"rendered":"Eyraf\u00e4ltet utvecklas &#8211; f\u00f6r ett starkare \u00d6rebro"},"content":{"rendered":"<p>[et_pb_section fb_built=&#8221;1&#8243; custom_padding_last_edited=&#8221;off|phone&#8221; module_class=&#8221;brodtext&#8221; _builder_version=&#8221;4.23.4&#8243; _module_preset=&#8221;default&#8221; background_color=&#8221;#f7f9fb&#8221; custom_padding=&#8221;30px||30px||false|false&#8221; custom_padding_tablet=&#8221;50px||50px||true|false&#8221; custom_padding_phone=&#8221;40px||40px||true|false&#8221; global_colors_info=&#8221;{}&#8221;][et_pb_row _builder_version=&#8221;4.23.1&#8243; _module_preset=&#8221;default&#8221; width_tablet=&#8221;80%&#8221; width_phone=&#8221;90%&#8221; width_last_edited=&#8221;on|phone&#8221; max_width=&#8221;640px&#8221; module_alignment=&#8221;center&#8221; custom_margin=&#8221;0px||0px||true|false&#8221; custom_padding=&#8221;0px||0px||true|false&#8221; global_colors_info=&#8221;{}&#8221;][et_pb_column type=&#8221;4_4&#8243; _builder_version=&#8221;4.20.0&#8243; _module_preset=&#8221;default&#8221; global_colors_info=&#8221;{}&#8221;][et_pb_text disabled_on=&#8221;on|on|on&#8221; _builder_version=&#8221;4.23.4&#8243; _module_preset=&#8221;default&#8221; text_font=&#8221;Inter||||||||&#8221; header_5_font=&#8221;Inter|||on|||||&#8221; header_5_text_color=&#8221;#141414&#8243; header_5_font_size=&#8221;14px&#8221; custom_margin=&#8221;||6px||false|false&#8221; disabled=&#8221;on&#8221; global_colors_info=&#8221;{}&#8221;]<\/p>\n<h5>Kr\u00f6nika<\/h5>\n<p>[\/et_pb_text][et_pb_text _builder_version=&#8221;4.27.4&#8243; _module_preset=&#8221;default&#8221; header_font=&#8221;|700|||||||&#8221; header_font_size=&#8221;43px&#8221; custom_margin=&#8221;||0px||false|false&#8221; custom_padding=&#8221;||0px||false|false&#8221; header_font_size_tablet=&#8221;40px&#8221; header_font_size_phone=&#8221;32px&#8221; header_font_size_last_edited=&#8221;on|phone&#8221; custom_css_free_form=&#8221;.citat-blue{||  color:#007CBF;||}||.reg-txt{||  font-weight:normal!important;||}&#8221; global_colors_info=&#8221;{}&#8221;]<\/p>\n<h1>Eyraf\u00e4ltet utvecklas &#8211; f\u00f6r ett starkare \u00d6rebro<\/h1>\n<p>[\/et_pb_text][et_pb_text _builder_version=&#8221;4.23.4&#8243; _dynamic_attributes=&#8221;content&#8221; _module_preset=&#8221;default&#8221; text_font=&#8221;Inter||||||||&#8221; text_text_color=&#8221;#505762&#8243; header_5_font=&#8221;Inter||||||||&#8221; header_5_text_color=&#8221;#505762&#8243; header_5_font_size=&#8221;14px&#8221; custom_margin=&#8221;||14px||false|false&#8221; global_colors_info=&#8221;{}&#8221;]@ET-DC@eyJkeW5hbWljIjp0cnVlLCJjb250ZW50IjoicG9zdF9kYXRlIiwic2V0dGluZ3MiOnsiYmVmb3JlIjoiIiwiYWZ0ZXIiOiIiLCJkYXRlX2Zvcm1hdCI6ImRlZmF1bHQiLCJjdXN0b21fZGF0ZV9mb3JtYXQiOiIifX0=@[\/et_pb_text][et_pb_text _builder_version=&#8221;4.27.4&#8243; _module_preset=&#8221;default&#8221; text_font=&#8221;Inter|800|||||||&#8221; text_text_color=&#8221;#191919&#8243; text_font_size=&#8221;20px&#8221; header_4_font=&#8221;Inter|700|||||||&#8221; header_4_text_color=&#8221;#191919&#8243; header_4_font_size=&#8221;20px&#8221; header_4_line_height=&#8221;1.3em&#8221; custom_margin=&#8221;||0px||false|false&#8221; custom_padding=&#8221;||0px||false|false&#8221; global_colors_info=&#8221;{}&#8221;]<\/p>\n<p>Eyraf\u00e4ltet \u00e4r redan idag en unik knutpunkt f\u00f6r ett sprudlande idrottsliv. Nu finns ytterligare utvecklingsm\u00f6jligheter.<br \/>\u2013 Tillsammans bygger vi ett starkare och v\u00e4xande Eyraf\u00e4lt &#8211; och ett starkare och v\u00e4xande \u00d6rebro, s\u00e4ger Anders \u00c5hrlin, styrelseordf\u00f6rande, \u00d6rebroporten.<\/p>\n<p>[\/et_pb_text][et_pb_text _builder_version=&#8221;4.27.4&#8243; _module_preset=&#8221;default&#8221; text_font=&#8221;Inter||||||||&#8221; text_text_color=&#8221;#141414&#8243; text_font_size=&#8221;16px&#8221; header_6_font_size=&#8221;16px&#8221; header_6_line_height=&#8221;1.3em&#8221; background_color=&#8221;#eff0f2&#8243; custom_margin=&#8221;20px||0px||false|false&#8221; custom_padding=&#8221;14px|20px|14px|20px|true|true&#8221; header_6_line_height_phone=&#8221;1.3em&#8221; header_6_line_height_last_edited=&#8221;off|desktop&#8221; global_colors_info=&#8221;{}&#8221;]<\/p>\n<h6 style=\"padding-bottom: 0px;\"><b>Inneh\u00e5ll fr\u00e5n \u00d6rebroporten<\/b> &#8211; stolt partner till \u00d6rebro idrottsgala 2025.<\/h6>\n<p>[\/et_pb_text][\/et_pb_column][\/et_pb_row][et_pb_row _builder_version=&#8221;4.23.1&#8243; _module_preset=&#8221;default&#8221; width_tablet=&#8221;100%&#8221; width_phone=&#8221;100%&#8221; width_last_edited=&#8221;on|phone&#8221; max_width=&#8221;950px&#8221; module_alignment=&#8221;center&#8221; custom_padding=&#8221;30px||30px||true|false&#8221; global_colors_info=&#8221;{}&#8221;][et_pb_column type=&#8221;4_4&#8243; _builder_version=&#8221;4.23.1&#8243; _module_preset=&#8221;default&#8221; global_colors_info=&#8221;{}&#8221;][et_pb_image src=&#8221;https:\/\/kampanj.na.se\/idrottsgalan\/wp-content\/uploads\/2025\/03\/Eyrafaltet-Skiss_medium-1024&#215;589.jpg&#8221; title_text=&#8221;Eyrafa\u0308ltet-Skiss_medium&#8221; _builder_version=&#8221;4.27.4&#8243; _module_preset=&#8221;default&#8221; custom_margin=&#8221;0px||10px||false|false&#8221; custom_padding=&#8221;0px||0px||false|false&#8221; global_colors_info=&#8221;{}&#8221;][\/et_pb_image][et_pb_text _builder_version=&#8221;4.27.4&#8243; _module_preset=&#8221;default&#8221; text_text_color=&#8221;#505762&#8243; text_line_height=&#8221;1.3em&#8221; header_5_font=&#8221;Inter||||||||&#8221; header_5_text_color=&#8221;#505762&#8243; width_tablet=&#8221;80%&#8221; width_phone=&#8221;90%&#8221; width_last_edited=&#8221;on|phone&#8221; module_alignment=&#8221;center&#8221; custom_margin=&#8221;0px||0px||true|false&#8221; custom_padding=&#8221;0px||0px||false|false&#8221; custom_padding_tablet=&#8221;|||20px|false|false&#8221; custom_padding_phone=&#8221;|||20px|false|false&#8221; custom_padding_last_edited=&#8221;off|desktop&#8221; locked=&#8221;off&#8221; global_colors_info=&#8221;{}&#8221;]<\/p>\n<p>Id\u00e9skiss mars 2025, \u00d6rebroporten och \u00d6rebro kommun. Inga beslut \u00e4r \u00e4nnu fattade om hur omr\u00e5det ska utvecklas. Kanske du har en id\u00e9 du vill presentera f\u00f6r oss?<\/p>\n<p>[\/et_pb_text][\/et_pb_column][\/et_pb_row][et_pb_row _builder_version=&#8221;4.23.1&#8243; _module_preset=&#8221;default&#8221; width_tablet=&#8221;80%&#8221; width_phone=&#8221;90%&#8221; width_last_edited=&#8221;on|phone&#8221; max_width=&#8221;640px&#8221; module_alignment=&#8221;center&#8221; custom_margin=&#8221;0px||0px||true|false&#8221; custom_padding=&#8221;0px||0px||false|false&#8221; global_colors_info=&#8221;{}&#8221;][et_pb_column type=&#8221;4_4&#8243; _builder_version=&#8221;4.20.0&#8243; _module_preset=&#8221;default&#8221; global_colors_info=&#8221;{}&#8221;][et_pb_text module_class=&#8221;tiempos-txt&#8221; _builder_version=&#8221;4.27.4&#8243; _module_preset=&#8221;default&#8221; text_text_color=&#8221;#191919&#8243; text_font_size=&#8221;18px&#8221; link_font=&#8221;Inter|700|||||||&#8221; link_text_color=&#8221;#1d3965&#8243; header_2_font_size=&#8221;24px&#8221; width_tablet=&#8221;100%&#8221; width_phone=&#8221;100%&#8221; width_last_edited=&#8221;off|desktop&#8221; custom_padding=&#8221;||||false|false&#8221; header_2_font_size_last_edited=&#8221;off|phone&#8221; custom_css_free_form=&#8221;h2{||  padding-bottom:0px;||  margin-bottom:8px;||}&#8221; global_colors_info=&#8221;{}&#8221;]<\/p>\n<p><a href=\"https:\/\/www.orebroporten.se\/nyheter\/\">EXTERN L\u00c4NK: L\u00e4s mer om \u00d6rebroportens nyheter h\u00e4r<\/a><\/p>\n<p>P\u00e5 Eyraf\u00e4ltet p\u00e5g\u00e5r dagligen elitidrott, breddidrott och spontanidrott, i och kring Behrn Arena Vinter, Behrn Arena Sommar, Idrottshuset och Eyrabadet. Ut\u00f6ver idrottsarenorna har det under de senaste decennierna \u00e4ven v\u00e4xt fram bost\u00e4der, restauranger och arbetsplatser i omr\u00e5det.<br \/>\u00d6rebro kommun och \u00d6rebroporten arbetar nu med att ta n\u00e4sta steg n\u00e4r det g\u00e4ller utveckling av Eyraf\u00e4ltet. <br \/>\u2013 Vi breddar v\u00e5rt \u00e4gande i stadsdelen och det finns utrymme f\u00f6r mer verksamheter, bost\u00e4der och annan \u00d6rebronytta, s\u00e4ger Anders \u00c5hrlin, styrelseordf\u00f6rande, \u00d6rebroporten.<\/p>\n<h2>Bjuder in till samtal<\/h2>\n<p>Det som h\u00e4nder nu \u00e4r att det \u00e4ven kommer att finnas m\u00f6jlighet f\u00f6r andra \u00e4n \u00d6rebroporten att investera i omr\u00e5det, och man bjuder nu in andra akt\u00f6rer f\u00f6r samtal om detta.<\/p>\n<p>\u2013 Det kommer att finnas m\u00f6jlighet att finnas f\u00f6r privata intressenter att bidra till omr\u00e5dets utveckling. Vi k\u00e4nner redan till att det finns ett flertal akt\u00f6rer som vill tillf\u00f6ra fler bost\u00e4der i omr\u00e5det, det kommer vi att hantera fram\u00f6ver. Men vi vill redan nu ocks\u00e5 utforska om det \u00e4ven finns akt\u00f6rer som vill tillf\u00f6ra \u00e4ven annat \u00e4n bost\u00e4der.<\/p>\n<p>\u2013 Du och ditt bolag eller verksamhet kanske har intresse att vara med och investera f\u00f6r framtiden p\u00e5 Eyraomr\u00e5det? Ju fler som vill investera, desto mer kan vi g\u00f6ra.<\/p>\n<p>Anders \u00c5hrlin s\u00e4ger att man ser fram emot att ta del av nya f\u00f6rslag.<\/p>\n<p><strong>Inneb\u00e4r utveckling av omr\u00e5det att det blir det mer idrott p\u00e5 Eyraomr\u00e5det fram\u00f6ver?<\/strong><\/p>\n<p>\u2013 Det vet vi inte idag. Kommunen satsar stora resurser p\u00e5 de arenor, hallar och anl\u00e4ggningar vi har idag. Vi vet att det finns \u00f6nskem\u00e5l om fler arenor och hallar. Om det ska kunna satsas mer beh\u00f6ver fler vara med och finansiera dessa. Vi v\u00e4lkomnar f\u00f6rslag p\u00e5 vad andra \u00e4n kommunen kan vara med och satsa p\u00e5!<\/p>\n<p><a href=\"https:\/\/www.orebroporten.se\/nyheter\/\">EXTERN L\u00c4NK: L\u00e4s mer om \u00d6rebroportens nyheter h\u00e4r<\/a><\/p>\n<p>[\/et_pb_text][et_pb_image src=&#8221;https:\/\/kampanj.na.se\/idrottsgalan\/wp-content\/uploads\/2025\/03\/Kompletteringsbild-Eyrafaltet-1024&#215;723.jpg&#8221; title_text=&#8221;Kompletteringsbild-Eyrafa\u0308ltet&#8221; _builder_version=&#8221;4.27.4&#8243; _module_preset=&#8221;default&#8221; global_colors_info=&#8221;{}&#8221;][\/et_pb_image][et_pb_text disabled_on=&#8221;on|on|on&#8221; _builder_version=&#8221;4.24.2&#8243; _module_preset=&#8221;default&#8221; text_text_color=&#8221;#505762&#8243; text_line_height=&#8221;1.3em&#8221; header_5_font=&#8221;Inter||||||||&#8221; header_5_text_color=&#8221;#505762&#8243; width_tablet=&#8221;100%&#8221; width_phone=&#8221;100%&#8221; width_last_edited=&#8221;off|desktop&#8221; custom_margin=&#8221;0px||25px||false|false&#8221; custom_padding=&#8221;0px||0px||false|false&#8221; custom_padding_tablet=&#8221;|||20px|false|false&#8221; custom_padding_phone=&#8221;|||20px|false|false&#8221; custom_padding_last_edited=&#8221;off|desktop&#8221; disabled=&#8221;on&#8221; locked=&#8221;off&#8221; global_colors_info=&#8221;{}&#8221;]<\/p>\n<p>Bildtext.<\/p>\n<p>[\/et_pb_text][et_pb_text _builder_version=&#8221;4.27.4&#8243; _module_preset=&#8221;default&#8221; text_text_color=&#8221;#191919&#8243; text_font_size=&#8221;16px&#8221; background_color=&#8221;#f0f0f2&#8243; custom_margin=&#8221;30px||||false|false&#8221; custom_padding=&#8221;30px|30px|30px|30px|true|true&#8221; border_radii=&#8221;on|0.5rem|0.5rem|0.5rem|0.5rem&#8221; global_colors_info=&#8221;{}&#8221;]<\/p>\n<h6>FAKTA<\/h6>\n<h2>\u00d6rebroporten<\/h2>\n<p><span style=\"font-weight: 400;\">M\u00f6jligheten f\u00f6r akt\u00f6rer att utveckla bost\u00e4der i omr\u00e5det \u00e5terkommer \u00d6rebroporten om. Man planerar f\u00f6r att det sker i en \u00f6ppen process. F\u00f6rst ska en del servitut l\u00f6sas upp och planfr\u00e5gor utredas.<\/span><span style=\"font-weight: 400;\"><\/span><\/p>\n<p><span style=\"font-weight: 400;\"><strong>Vill du presentera investeringsid\u00e9er f\u00f6r verksamheter och\/eller idrott?<\/strong> Kontakta \u00d6rebroporten f\u00f6r ett m\u00f6te:<\/span><\/p>\n<p><span style=\"font-weight: 400;\">Anders \u00c5hrlin, styrelseordf\u00f6rande i \u00d6rebroporten Fastigheter, 070-551 56 04, <\/span><a href=\"mailto:anders.ahrlin@orebro.se\"><span style=\"font-weight: 400;\">anders.ahrlin@orebro.se<\/span><\/a><\/p>\n<p><span style=\"font-weight: 400;\">Jeanette Berggren, vd \u00d6rebroporten Fastigheter, 070-668 69 62, <a href=\"mailto:jeanette.berggren@orebroporten.se\">jeanette.berggren@orebroporten.se<\/a> <\/span><\/p>\n<p>[\/et_pb_text][et_pb_text disabled_on=&#8221;on|on|on&#8221; _builder_version=&#8221;4.27.4&#8243; _module_preset=&#8221;default&#8221; text_text_color=&#8221;#191919&#8243; text_font_size=&#8221;16px&#8221; background_color=&#8221;#f0f0f2&#8243; custom_margin=&#8221;30px||||false|false&#8221; custom_padding=&#8221;30px|30px|30px|30px|true|true&#8221; border_radii=&#8221;on|0.5rem|0.5rem|0.5rem|0.5rem&#8221; disabled=&#8221;on&#8221; global_module=&#8221;1480&#8243; locked=&#8221;off&#8221; global_colors_info=&#8221;{}&#8221;]<\/p>\n<h2>Idrottsgalan i \u00d6rebro<\/h2>\n<p><strong>N\u00e4r:<\/strong> Den 19 mars 2025.<\/p>\n<p><strong>Var:<\/strong> Conventum kongress.<\/p>\n<p><strong>Uppl\u00e4gg:<\/strong> NA vill tillsammans med en rad partners uppm\u00e4rksamma s\u00e5v\u00e4l elit- som breddidrotten i \u00d6rebro l\u00e4n. Totalt elva priser ska delas ut. G\u00e4sterna f\u00e5r \u00e4ran att vandra p\u00e5 den r\u00f6da mattan \u2013 och i vanlig galaordning kommer det att ske fotografering, mingel, artistupptr\u00e4danden samt serveras en trer\u00e4ttersmiddag.<\/p>\n<p><strong>Konferencier:<\/strong> Tv-profilen Jessica Almen\u00e4s.<\/p>\n<p><strong>Biljetter:<\/strong> Finns att k\u00f6pa <span style=\"text-decoration: underline;\"><strong><a href=\"https:\/\/secure.tickster.com\/n1rzgg14ywg5xm9\" target=\"_blank\" rel=\"noopener\">h\u00e4r<\/a><\/strong><\/span><\/p>\n<p>[\/et_pb_text][\/et_pb_column][\/et_pb_row][\/et_pb_section]<\/p>\n","protected":false},"excerpt":{"rendered":"<p>Kr\u00f6nikaEyraf\u00e4ltet utvecklas &#8211; f\u00f6r ett starkare \u00d6rebroEyraf\u00e4ltet \u00e4r redan idag en unik knutpunkt f\u00f6r ett sprudlande idrottsliv. Nu finns ytterligare utvecklingsm\u00f6jligheter.\u2013 Tillsammans bygger vi ett starkare och v\u00e4xande Eyraf\u00e4lt &#8211; och ett starkare och v\u00e4xande \u00d6rebro, s\u00e4ger Anders \u00c5hrlin, styrelseordf\u00f6rande, \u00d6rebroporten.Inneh\u00e5ll fr\u00e5n \u00d6rebroporten &#8211; stolt partner till \u00d6rebro idrottsgala 2025.Id\u00e9skiss mars 2025, \u00d6rebroporten och \u00d6rebro [&hellip;]<\/p>\n","protected":false},"author":1,"featured_media":1516,"comment_status":"closed","ping_status":"closed","sticky":false,"template":"","format":"standard","meta":{"_et_pb_use_builder":"on","_et_pb_old_content":"","_et_gb_content_width":"","footnotes":""},"categories":[13],"tags":[],"class_list":["post-1511","post","type-post","status-publish","format-standard","has-post-thumbnail","hentry","category-idrottsgalan-2025"],"_links":{"self":[{"href":"https:\/\/kampanj.na.se\/idrottsgalan\/wp-json\/wp\/v2\/posts\/1511","targetHints":{"allow":["GET"]}}],"collection":[{"href":"https:\/\/kampanj.na.se\/idrottsgalan\/wp-json\/wp\/v2\/posts"}],"about":[{"href":"https:\/\/kampanj.na.se\/idrottsgalan\/wp-json\/wp\/v2\/types\/post"}],"author":[{"embeddable":true,"href":"https:\/\/kampanj.na.se\/idrottsgalan\/wp-json\/wp\/v2\/users\/1"}],"replies":[{"embeddable":true,"href":"https:\/\/kampanj.na.se\/idrottsgalan\/wp-json\/wp\/v2\/comments?post=1511"}],"version-history":[{"count":6,"href":"https:\/\/kampanj.na.se\/idrottsgalan\/wp-json\/wp\/v2\/posts\/1511\/revisions"}],"predecessor-version":[{"id":1692,"href":"https:\/\/kampanj.na.se\/idrottsgalan\/wp-json\/wp\/v2\/posts\/1511\/revisions\/1692"}],"wp:featuredmedia":[{"embeddable":true,"href":"https:\/\/kampanj.na.se\/idrottsgalan\/wp-json\/wp\/v2\/media\/1516"}],"wp:attachment":[{"href":"https:\/\/kampanj.na.se\/idrottsgalan\/wp-json\/wp\/v2\/media?parent=1511"}],"wp:term":[{"taxonomy":"category","embeddable":true,"href":"https:\/\/kampanj.na.se\/idrottsgalan\/wp-json\/wp\/v2\/categories?post=1511"},{"taxonomy":"post_tag","embeddable":true,"href":"https:\/\/kampanj.na.se\/idrottsgalan\/wp-json\/wp\/v2\/tags?post=1511"}],"curies":[{"name":"wp","href":"https:\/\/api.w.org\/{rel}","templated":true}]}}