{"id":1456,"date":"2025-02-19T15:29:26","date_gmt":"2025-02-19T14:29:26","guid":{"rendered":"https:\/\/kampanj.na.se\/idrottsgalan\/?p=1456"},"modified":"2026-01-22T10:52:32","modified_gmt":"2026-01-22T09:52:32","slug":"gemenskapen-i-fokus-for-tegelbrukets-e-sportsatsning","status":"publish","type":"post","link":"https:\/\/kampanj.na.se\/idrottsgalan\/gemenskapen-i-fokus-for-tegelbrukets-e-sportsatsning\/","title":{"rendered":"Gemenskapen i fokus f\u00f6r Tegelbrukets e-sportsatsning"},"content":{"rendered":"<p>[et_pb_section fb_built=&#8221;1&#8243; custom_padding_last_edited=&#8221;off|phone&#8221; module_class=&#8221;brodtext&#8221; _builder_version=&#8221;4.23.4&#8243; _module_preset=&#8221;default&#8221; background_color=&#8221;#f7f9fb&#8221; custom_padding=&#8221;30px||30px||false|false&#8221; custom_padding_tablet=&#8221;50px||50px||true|false&#8221; custom_padding_phone=&#8221;40px||40px||true|false&#8221; global_colors_info=&#8221;{}&#8221;][et_pb_row _builder_version=&#8221;4.23.1&#8243; _module_preset=&#8221;default&#8221; width_tablet=&#8221;80%&#8221; width_phone=&#8221;90%&#8221; width_last_edited=&#8221;on|phone&#8221; max_width=&#8221;640px&#8221; module_alignment=&#8221;center&#8221; custom_margin=&#8221;0px||0px||true|false&#8221; custom_padding=&#8221;0px||0px||true|false&#8221; global_colors_info=&#8221;{}&#8221;][et_pb_column type=&#8221;4_4&#8243; _builder_version=&#8221;4.20.0&#8243; _module_preset=&#8221;default&#8221; global_colors_info=&#8221;{}&#8221;][et_pb_text disabled_on=&#8221;on|on|on&#8221; _builder_version=&#8221;4.23.4&#8243; _module_preset=&#8221;default&#8221; text_font=&#8221;Inter||||||||&#8221; header_5_font=&#8221;Inter|||on|||||&#8221; header_5_text_color=&#8221;#141414&#8243; header_5_font_size=&#8221;14px&#8221; custom_margin=&#8221;||6px||false|false&#8221; disabled=&#8221;on&#8221; global_colors_info=&#8221;{}&#8221;]<\/p>\n<h5>Kr\u00f6nika<\/h5>\n<p>[\/et_pb_text][et_pb_text _builder_version=&#8221;4.27.4&#8243; _module_preset=&#8221;default&#8221; header_font=&#8221;|700|||||||&#8221; header_font_size=&#8221;43px&#8221; custom_margin=&#8221;||0px||false|false&#8221; custom_padding=&#8221;||0px||false|false&#8221; header_font_size_tablet=&#8221;40px&#8221; header_font_size_phone=&#8221;32px&#8221; header_font_size_last_edited=&#8221;on|phone&#8221; custom_css_free_form=&#8221;.citat-blue{||  color:#007CBF;||}||.reg-txt{||  font-weight:normal!important;||}&#8221; global_colors_info=&#8221;{}&#8221;]<\/p>\n<h1>Gemenskapen i fokus f\u00f6r Tegelbrukets e-sportsatsning<\/h1>\n<p>[\/et_pb_text][et_pb_text _builder_version=&#8221;4.23.4&#8243; _dynamic_attributes=&#8221;content&#8221; _module_preset=&#8221;default&#8221; text_font=&#8221;Inter||||||||&#8221; text_text_color=&#8221;#505762&#8243; header_5_font=&#8221;Inter||||||||&#8221; header_5_text_color=&#8221;#505762&#8243; header_5_font_size=&#8221;14px&#8221; custom_margin=&#8221;||14px||false|false&#8221; global_colors_info=&#8221;{}&#8221;]@ET-DC@eyJkeW5hbWljIjp0cnVlLCJjb250ZW50IjoicG9zdF9kYXRlIiwic2V0dGluZ3MiOnsiYmVmb3JlIjoiIiwiYWZ0ZXIiOiIiLCJkYXRlX2Zvcm1hdCI6ImRlZmF1bHQiLCJjdXN0b21fZGF0ZV9mb3JtYXQiOiIifX0=@[\/et_pb_text][et_pb_text _builder_version=&#8221;4.27.4&#8243; _module_preset=&#8221;default&#8221; text_font=&#8221;Inter|800|||||||&#8221; text_text_color=&#8221;#191919&#8243; text_font_size=&#8221;20px&#8221; header_4_font=&#8221;Inter|700|||||||&#8221; header_4_text_color=&#8221;#191919&#8243; header_4_font_size=&#8221;20px&#8221; header_4_line_height=&#8221;1.3em&#8221; custom_margin=&#8221;||0px||false|false&#8221; custom_padding=&#8221;||0px||false|false&#8221; global_colors_info=&#8221;{}&#8221;]<\/p>\n<p>Intresset f\u00f6r e-sport fanns, men det saknades en naturlig samlingsplats. 2017 lyckades Ammar Al-Azawi, ungdomscoach p\u00e5 Tegelbruket, samla ihop pengar f\u00f6r att k\u00f6pa in fem datorer. Det blev startskottet f\u00f6r Tegelbrukets e-sportsatsning.<br \/>\u2013 Det viktigaste \u00e4r gemenskapen. Men \u00e4ven m\u00f6jligheten att utvecklas inom idrotten, s\u00e4ger han.<\/p>\n<p>[\/et_pb_text][et_pb_text _builder_version=&#8221;4.27.4&#8243; _module_preset=&#8221;default&#8221; text_font=&#8221;Inter||||||||&#8221; text_text_color=&#8221;#141414&#8243; text_font_size=&#8221;16px&#8221; header_6_font_size=&#8221;16px&#8221; header_6_line_height=&#8221;1.3em&#8221; background_color=&#8221;#eff0f2&#8243; custom_margin=&#8221;20px||0px||false|false&#8221; custom_padding=&#8221;14px|20px|14px|20px|true|true&#8221; header_6_line_height_phone=&#8221;1.3em&#8221; header_6_line_height_last_edited=&#8221;off|desktop&#8221; global_colors_info=&#8221;{}&#8221;]<\/p>\n<h6 style=\"padding-bottom: 0px;\"><b>Inneh\u00e5ll fr\u00e5n \u00d6BO<\/b> &#8211; stolt partner till \u00d6rebro idrottsgala 2025.<\/h6>\n<p>[\/et_pb_text][\/et_pb_column][\/et_pb_row][et_pb_row _builder_version=&#8221;4.23.1&#8243; _module_preset=&#8221;default&#8221; width_tablet=&#8221;100%&#8221; width_phone=&#8221;100%&#8221; width_last_edited=&#8221;on|phone&#8221; max_width=&#8221;950px&#8221; module_alignment=&#8221;center&#8221; custom_padding=&#8221;30px||30px||true|false&#8221; global_colors_info=&#8221;{}&#8221;][et_pb_column type=&#8221;4_4&#8243; _builder_version=&#8221;4.23.1&#8243; _module_preset=&#8221;default&#8221; global_colors_info=&#8221;{}&#8221;][et_pb_image src=&#8221;https:\/\/kampanj.na.se\/idrottsgalan\/wp-content\/uploads\/2025\/02\/na-obo-tegelbruket-1.jpg&#8221; title_text=&#8221;na-obo-tegelbruket-1&#8243; _builder_version=&#8221;4.27.4&#8243; _module_preset=&#8221;default&#8221; custom_margin=&#8221;0px||10px||false|false&#8221; custom_padding=&#8221;0px||0px||false|false&#8221; global_colors_info=&#8221;{}&#8221;][\/et_pb_image][et_pb_text _builder_version=&#8221;4.27.4&#8243; _module_preset=&#8221;default&#8221; text_text_color=&#8221;#505762&#8243; text_line_height=&#8221;1.3em&#8221; header_5_font=&#8221;Inter||||||||&#8221; header_5_text_color=&#8221;#505762&#8243; width_tablet=&#8221;80%&#8221; width_phone=&#8221;90%&#8221; width_last_edited=&#8221;on|phone&#8221; module_alignment=&#8221;center&#8221; custom_margin=&#8221;0px||0px||true|false&#8221; custom_padding=&#8221;0px||0px||false|false&#8221; custom_padding_tablet=&#8221;|||20px|false|false&#8221; custom_padding_phone=&#8221;|||20px|false|false&#8221; custom_padding_last_edited=&#8221;off|desktop&#8221; locked=&#8221;off&#8221; global_colors_info=&#8221;{}&#8221;]Medlemmarna \u00e4r mellan 16\u201325 \u00e5r och alltifr\u00e5n nyb\u00f6rjare till ungdomar som har spelat i m\u00e5nga \u00e5r. \u201cExtra roligt \u00e4r att vi \u00e4r s\u00e5 m\u00e5nga tjejer, och vi satsar p\u00e5 att bli fler\u201d, s\u00e4ger Frank Cullum, e-sportcoach p\u00e5 Tegelbruket.[\/et_pb_text][\/et_pb_column][\/et_pb_row][et_pb_row _builder_version=&#8221;4.23.1&#8243; _module_preset=&#8221;default&#8221; width_tablet=&#8221;80%&#8221; width_phone=&#8221;90%&#8221; width_last_edited=&#8221;on|phone&#8221; max_width=&#8221;640px&#8221; module_alignment=&#8221;center&#8221; custom_margin=&#8221;0px||0px||true|false&#8221; custom_padding=&#8221;0px||0px||false|false&#8221; global_colors_info=&#8221;{}&#8221;][et_pb_column type=&#8221;4_4&#8243; _builder_version=&#8221;4.20.0&#8243; _module_preset=&#8221;default&#8221; global_colors_info=&#8221;{}&#8221;][et_pb_text module_class=&#8221;tiempos-txt&#8221; _builder_version=&#8221;4.27.4&#8243; _module_preset=&#8221;default&#8221; text_text_color=&#8221;#191919&#8243; text_font_size=&#8221;18px&#8221; link_font=&#8221;Inter|700|||||||&#8221; link_text_color=&#8221;#1d3965&#8243; header_2_font_size=&#8221;24px&#8221; width_tablet=&#8221;100%&#8221; width_phone=&#8221;100%&#8221; width_last_edited=&#8221;off|desktop&#8221; custom_padding=&#8221;||||false|false&#8221; header_2_font_size_last_edited=&#8221;off|phone&#8221; custom_css_free_form=&#8221;h2{||  padding-bottom:0px;||  margin-bottom:8px;||}&#8221; global_colors_info=&#8221;{}&#8221;]<\/p>\n<p><a href=\"https:\/\/www.obo.se\/hallbarhet\/\" target=\"_blank\" rel=\"noopener\">EXTERN L\u00c4NK: \u00d6BO &#8211; F\u00f6r ett h\u00e5llbart \u00d6rebro. L\u00e4s mer h\u00e4r<\/a><\/p>\n<p>Lokalerna best\u00e5r idag av tv\u00e5 rum med 15 datorer, och f\u00f6reningen erbjuder b\u00e5de tr\u00e4ningar och drop-in-verksamhet. Nu tr\u00e4nar runt 100 ungdomar e-sport. 35 procent \u00e4r tjejer. Bland spelen m\u00e4rks fr\u00e4mst Counter-strike, League of Legends, Overwatch och Fortnite.<\/p>\n<h2>\u00d6BO en m\u00f6jligg\u00f6rare<\/h2>\n<p>\u00d6BO har genom \u00e5ren varit en stor ekonomisk m\u00f6jligg\u00f6rare f\u00f6r Tegelbrukets breda verksamhet.<\/p>\n<p>\u2013 Vi s\u00e5g ett behov av att ungdomar f\u00e5r m\u00f6jlighet att utveckla sina intressen, prova p\u00e5 nya saker och hitta gemenskap. Tegelbruket ligger i \u00d6BOs stadsdel Markbacken och i n\u00e4rheten ligger \u00e4ven Varberga, Rosta och Oxhagen. Ungdomar fr\u00e5n hela stan m\u00f6ts p\u00e5 Tegelbruket, s\u00e4ger Anna-Carin B Magnusson, f\u00f6rvaltningschef p\u00e5 \u00d6BO.<a href=\"https:\/\/tegelbruket.org\/\" target=\"_blank\" rel=\"noopener\"><\/a><\/p>\n<p>[\/et_pb_text][et_pb_image src=&#8221;https:\/\/kampanj.na.se\/idrottsgalan\/wp-content\/uploads\/2025\/02\/na-obo-tegelbruket-2.jpg&#8221; title_text=&#8221;na-obo-tegelbruket-2&#8243; _builder_version=&#8221;4.27.4&#8243; _module_preset=&#8221;default&#8221; custom_margin=&#8221;25px||10px||false|false&#8221; custom_padding=&#8221;0px||0px||true|false&#8221; locked=&#8221;off&#8221; global_colors_info=&#8221;{}&#8221;][\/et_pb_image][et_pb_text _builder_version=&#8221;4.27.4&#8243; _module_preset=&#8221;default&#8221; text_text_color=&#8221;#505762&#8243; text_line_height=&#8221;1.3em&#8221; header_5_font=&#8221;Inter||||||||&#8221; header_5_text_color=&#8221;#505762&#8243; width_tablet=&#8221;100%&#8221; width_phone=&#8221;100%&#8221; width_last_edited=&#8221;off|desktop&#8221; custom_margin=&#8221;0px||25px||false|false&#8221; custom_padding=&#8221;0px||0px||false|false&#8221; custom_padding_tablet=&#8221;|||20px|false|false&#8221; custom_padding_phone=&#8221;|||20px|false|false&#8221; custom_padding_last_edited=&#8221;off|desktop&#8221; locked=&#8221;off&#8221; global_colors_info=&#8221;{}&#8221;]Ammar Al-Azawi och Frank Cullum.[\/et_pb_text][et_pb_text module_class=&#8221;tiempos-txt&#8221; _builder_version=&#8221;4.27.4&#8243; _module_preset=&#8221;default&#8221; text_text_color=&#8221;#191919&#8243; text_font_size=&#8221;18px&#8221; link_font=&#8221;Inter|700|||||||&#8221; link_text_color=&#8221;#1d3965&#8243; header_2_font_size=&#8221;24px&#8221; width_tablet=&#8221;100%&#8221; width_phone=&#8221;100%&#8221; width_last_edited=&#8221;off|desktop&#8221; custom_padding=&#8221;||||false|false&#8221; header_2_font_size_last_edited=&#8221;off|phone&#8221; custom_css_free_form=&#8221;h2{||  padding-bottom:0px;||  margin-bottom:8px;||}&#8221; global_colors_info=&#8221;{}&#8221;]<\/p>\n<h2>En utmaning att rekrytera tr\u00e4nare<\/h2>\n<p>Den unge e-sportcoachen Frank Cullum \u00e4r en av fyra volont\u00e4rer som hj\u00e4lper ungdomarna att utvecklas i sitt spelande. Han har en bakgrund som e-sportare i Tyskland, d\u00e4r han t\u00e4vlade p\u00e5 h\u00f6g niv\u00e5.<\/p>\n<p>\u2013 En tr\u00e4ning b\u00f6rjar med att prata om hur veckan varit spelm\u00e4ssigt, men ocks\u00e5 om livet i stort. Gemenskapen \u00e4r viktig. D\u00e4refter v\u00e4rmer vi upp och g\u00e5r igenom m\u00e5ls\u00e4ttningar med spelarna. Tr\u00e4ningen best\u00e5r av att spela rundor i spelet och analys av vad som kan f\u00f6rb\u00e4ttras, ber\u00e4ttar Frank.<\/p>\n<p>Nyligen b\u00f6rjade Frank Cullum coacha Tegelbrukets f\u00f6rsta tjejlag.<\/p>\n<p>\u2013 Det \u00e4r roligt och annorlunda j\u00e4mf\u00f6rt med vad jag gjort tidigare. Det k\u00e4nns fantastiskt inspirerande.<\/p>\n<h2>Krav p\u00e5 fysisk aktivitet<\/h2>\n<p>E-sport st\u00e4ller h\u00f6ga krav p\u00e5 koncentrationsf\u00f6rm\u00e5ga. F\u00f6r att orka h\u00e5lla fokus beh\u00f6ver spelarna \u00e4ta bra och fystr\u00e4na, ett krav f\u00f6r att vara medlem.<\/p>\n<p>\u2013 F\u00f6r att f\u00e5 beh\u00e5lla sin sk\u00e4rmtid beh\u00f6ver man ut\u00f6va fysisk aktivitet. H\u00e4r p\u00e5 Tegelbruket finns det oftast n\u00e5got som passar alla, s\u00e4ger Ammar Al-Azawi, ungdomscoach.<\/p>\n<p>Tegelbruket anordnar \u00e4ven obligatoriska kostf\u00f6rel\u00e4sningar minst en g\u00e5ng per termin.<a href=\"https:\/\/tegelbruket.org\/\" target=\"_blank\" rel=\"noopener\"><\/a><\/p>\n<p>[\/et_pb_text][et_pb_image src=&#8221;https:\/\/kampanj.na.se\/idrottsgalan\/wp-content\/uploads\/2025\/02\/na-obo-tegelbruket-3.jpg&#8221; title_text=&#8221;na-obo-tegelbruket-3&#8243; _builder_version=&#8221;4.27.4&#8243; _module_preset=&#8221;default&#8221; custom_margin=&#8221;25px||10px||false|false&#8221; custom_padding=&#8221;0px||0px||true|false&#8221; locked=&#8221;off&#8221; global_colors_info=&#8221;{}&#8221;][\/et_pb_image][et_pb_text _builder_version=&#8221;4.27.4&#8243; _module_preset=&#8221;default&#8221; text_text_color=&#8221;#505762&#8243; text_line_height=&#8221;1.3em&#8221; header_5_font=&#8221;Inter||||||||&#8221; header_5_text_color=&#8221;#505762&#8243; width_tablet=&#8221;100%&#8221; width_phone=&#8221;100%&#8221; width_last_edited=&#8221;off|desktop&#8221; custom_margin=&#8221;0px||25px||false|false&#8221; custom_padding=&#8221;0px||0px||false|false&#8221; custom_padding_tablet=&#8221;|||20px|false|false&#8221; custom_padding_phone=&#8221;|||20px|false|false&#8221; custom_padding_last_edited=&#8221;off|desktop&#8221; locked=&#8221;off&#8221; global_colors_info=&#8221;{}&#8221;]Tjejerna p\u00e5 bilden heter Nada, Carolina, Emelie, Nagham och Lina.[\/et_pb_text][et_pb_text module_class=&#8221;tiempos-txt&#8221; _builder_version=&#8221;4.27.4&#8243; _module_preset=&#8221;default&#8221; text_text_color=&#8221;#191919&#8243; text_font_size=&#8221;18px&#8221; link_font=&#8221;Inter|700|||||||&#8221; link_text_color=&#8221;#1d3965&#8243; header_2_font_size=&#8221;24px&#8221; width_tablet=&#8221;100%&#8221; width_phone=&#8221;100%&#8221; width_last_edited=&#8221;off|desktop&#8221; custom_padding=&#8221;||||false|false&#8221; header_2_font_size_last_edited=&#8221;off|phone&#8221; custom_css_free_form=&#8221;h2{||  padding-bottom:0px;||  margin-bottom:8px;||}&#8221; global_colors_info=&#8221;{}&#8221;]<\/p>\n<h2>Gemenskapen det viktigaste<\/h2>\n<p>Ammar Al-Azawi och Frank Cullum \u00e4r stolta \u00f6ver bredden p\u00e5 verksamheten och den fina gemenskap som finns.<\/p>\n<p>\u2013 Vi f\u00f6rv\u00e4ntar oss ett schysst beteende, och det \u00e4r viktigare \u00e4n att man blir b\u00e4st i v\u00e4rlden. Sedan dr\u00f6mmer jag om att skapa ett lag som kan ge sig ut p\u00e5 de stora scenerna och att anordna fler stora event i v\u00e5ra lokaler, s\u00e4ger Ammar.<\/p>\n<p><a href=\"https:\/\/tegelbruket.org\/\" target=\"_blank\" rel=\"noopener\">EXTERN L\u00c4NK: L\u00e4s mer om Tegelbruket &#8211; \u00d6rebros ungdomsarena<\/a><\/p>\n<p>[\/et_pb_text][et_pb_text disabled_on=&#8221;on|on|on&#8221; _builder_version=&#8221;4.24.2&#8243; _module_preset=&#8221;default&#8221; text_text_color=&#8221;#505762&#8243; text_line_height=&#8221;1.3em&#8221; header_5_font=&#8221;Inter||||||||&#8221; header_5_text_color=&#8221;#505762&#8243; width_tablet=&#8221;100%&#8221; width_phone=&#8221;100%&#8221; width_last_edited=&#8221;off|desktop&#8221; custom_margin=&#8221;0px||25px||false|false&#8221; custom_padding=&#8221;0px||0px||false|false&#8221; custom_padding_tablet=&#8221;|||20px|false|false&#8221; custom_padding_phone=&#8221;|||20px|false|false&#8221; custom_padding_last_edited=&#8221;off|desktop&#8221; disabled=&#8221;on&#8221; locked=&#8221;off&#8221; global_colors_info=&#8221;{}&#8221;]<\/p>\n<p>Bildtext.<\/p>\n<p>[\/et_pb_text][et_pb_text _builder_version=&#8221;4.27.4&#8243; _module_preset=&#8221;default&#8221; text_text_color=&#8221;#191919&#8243; text_font_size=&#8221;16px&#8221; background_color=&#8221;#f0f0f2&#8243; custom_margin=&#8221;30px||||false|false&#8221; custom_padding=&#8221;30px|30px|30px|30px|true|true&#8221; border_radii=&#8221;on|0.5rem|0.5rem|0.5rem|0.5rem&#8221; global_colors_info=&#8221;{}&#8221;]<\/p>\n<h6>FAKTA<\/h6>\n<h2>Tegelbruket \u2013 \u00d6rebros ungdomsarena<\/h2>\n<p><strong>Yta:<\/strong> 8 000 kvm.<br \/><strong>M\u00e5lgrupp:<\/strong> barn, ungdomar och unga vuxna.<br \/><strong>Verksamhetsstart:<\/strong> 2013<br \/><strong>Inneh\u00e5ll:<\/strong> basket, innebandy, volleyboll, frisbee, kl\u00e4ttring, boxning, dans, musik, e-sport, gym, mm. Mentorprogram, studiehj\u00e4lp, st\u00f6d till arbete mm.<br \/><strong>Organisation:<\/strong> ideell f\u00f6rening, huvudm\u00e4n KFUM \u00d6rebro och Sensus studief\u00f6rbund. N\u00e4ra samarbete med \u00d6BO, \u00d6rebro kommun och CSR-partners.<\/p>\n<p>[\/et_pb_text][et_pb_text disabled_on=&#8221;on|on|on&#8221; _builder_version=&#8221;4.27.4&#8243; _module_preset=&#8221;default&#8221; text_text_color=&#8221;#191919&#8243; text_font_size=&#8221;16px&#8221; background_color=&#8221;#f0f0f2&#8243; custom_margin=&#8221;30px||||false|false&#8221; custom_padding=&#8221;30px|30px|30px|30px|true|true&#8221; border_radii=&#8221;on|0.5rem|0.5rem|0.5rem|0.5rem&#8221; disabled=&#8221;on&#8221; global_module=&#8221;1480&#8243; locked=&#8221;off&#8221; global_colors_info=&#8221;{}&#8221;]<\/p>\n<h2>Idrottsgalan i \u00d6rebro<\/h2>\n<p><strong>N\u00e4r:<\/strong> Den 19 mars 2025.<\/p>\n<p><strong>Var:<\/strong> Conventum kongress.<\/p>\n<p><strong>Uppl\u00e4gg:<\/strong> NA vill tillsammans med en rad partners uppm\u00e4rksamma s\u00e5v\u00e4l elit- som breddidrotten i \u00d6rebro l\u00e4n. Totalt elva priser ska delas ut. G\u00e4sterna f\u00e5r \u00e4ran att vandra p\u00e5 den r\u00f6da mattan \u2013 och i vanlig galaordning kommer det att ske fotografering, mingel, artistupptr\u00e4danden samt serveras en trer\u00e4ttersmiddag.<\/p>\n<p><strong>Konferencier:<\/strong> Tv-profilen Jessica Almen\u00e4s.<\/p>\n<p><strong>Biljetter:<\/strong> Finns att k\u00f6pa <span style=\"text-decoration: underline;\"><strong><a href=\"https:\/\/secure.tickster.com\/n1rzgg14ywg5xm9\" target=\"_blank\" rel=\"noopener\">h\u00e4r<\/a><\/strong><\/span><\/p>\n<p>[\/et_pb_text][\/et_pb_column][\/et_pb_row][\/et_pb_section]<\/p>\n","protected":false},"excerpt":{"rendered":"<p>Kr\u00f6nikaGemenskapen i fokus f\u00f6r Tegelbrukets e-sportsatsningIntresset f\u00f6r e-sport fanns, men det saknades en naturlig samlingsplats. 2017 lyckades Ammar Al-Azawi, ungdomscoach p\u00e5 Tegelbruket, samla ihop pengar f\u00f6r att k\u00f6pa in fem datorer. Det blev startskottet f\u00f6r Tegelbrukets e-sportsatsning.\u2013 Det viktigaste \u00e4r gemenskapen. Men \u00e4ven m\u00f6jligheten att utvecklas inom idrotten, s\u00e4ger han.Inneh\u00e5ll fr\u00e5n \u00d6BO &#8211; stolt partner [&hellip;]<\/p>\n","protected":false},"author":1,"featured_media":1467,"comment_status":"closed","ping_status":"closed","sticky":false,"template":"","format":"standard","meta":{"_et_pb_use_builder":"on","_et_pb_old_content":"","_et_gb_content_width":"","footnotes":""},"categories":[13],"tags":[],"class_list":["post-1456","post","type-post","status-publish","format-standard","has-post-thumbnail","hentry","category-idrottsgalan-2025"],"_links":{"self":[{"href":"https:\/\/kampanj.na.se\/idrottsgalan\/wp-json\/wp\/v2\/posts\/1456","targetHints":{"allow":["GET"]}}],"collection":[{"href":"https:\/\/kampanj.na.se\/idrottsgalan\/wp-json\/wp\/v2\/posts"}],"about":[{"href":"https:\/\/kampanj.na.se\/idrottsgalan\/wp-json\/wp\/v2\/types\/post"}],"author":[{"embeddable":true,"href":"https:\/\/kampanj.na.se\/idrottsgalan\/wp-json\/wp\/v2\/users\/1"}],"replies":[{"embeddable":true,"href":"https:\/\/kampanj.na.se\/idrottsgalan\/wp-json\/wp\/v2\/comments?post=1456"}],"version-history":[{"count":16,"href":"https:\/\/kampanj.na.se\/idrottsgalan\/wp-json\/wp\/v2\/posts\/1456\/revisions"}],"predecessor-version":[{"id":1694,"href":"https:\/\/kampanj.na.se\/idrottsgalan\/wp-json\/wp\/v2\/posts\/1456\/revisions\/1694"}],"wp:featuredmedia":[{"embeddable":true,"href":"https:\/\/kampanj.na.se\/idrottsgalan\/wp-json\/wp\/v2\/media\/1467"}],"wp:attachment":[{"href":"https:\/\/kampanj.na.se\/idrottsgalan\/wp-json\/wp\/v2\/media?parent=1456"}],"wp:term":[{"taxonomy":"category","embeddable":true,"href":"https:\/\/kampanj.na.se\/idrottsgalan\/wp-json\/wp\/v2\/categories?post=1456"},{"taxonomy":"post_tag","embeddable":true,"href":"https:\/\/kampanj.na.se\/idrottsgalan\/wp-json\/wp\/v2\/tags?post=1456"}],"curies":[{"name":"wp","href":"https:\/\/api.w.org\/{rel}","templated":true}]}}