{"id":1355,"date":"2025-01-16T11:28:29","date_gmt":"2025-01-16T10:28:29","guid":{"rendered":"https:\/\/kampanj.na.se\/idrottsgalan\/?p=1355"},"modified":"2026-01-22T10:54:30","modified_gmt":"2026-01-22T09:54:30","slug":"gratis-sportutrustning-lyfter-orebroarnas-fritid","status":"publish","type":"post","link":"https:\/\/kampanj.na.se\/idrottsgalan\/gratis-sportutrustning-lyfter-orebroarnas-fritid\/","title":{"rendered":"Gratis sportutrustning lyfter \u00f6rebroarnas fritid"},"content":{"rendered":"<p>[et_pb_section fb_built=&#8221;1&#8243; custom_padding_last_edited=&#8221;off|phone&#8221; module_class=&#8221;brodtext&#8221; _builder_version=&#8221;4.23.4&#8243; _module_preset=&#8221;default&#8221; background_color=&#8221;#f7f9fb&#8221; custom_padding=&#8221;30px||30px||false|false&#8221; custom_padding_tablet=&#8221;50px||50px||true|false&#8221; custom_padding_phone=&#8221;40px||40px||true|false&#8221; global_colors_info=&#8221;{}&#8221;][et_pb_row _builder_version=&#8221;4.23.1&#8243; _module_preset=&#8221;default&#8221; width_tablet=&#8221;80%&#8221; width_phone=&#8221;90%&#8221; width_last_edited=&#8221;on|phone&#8221; max_width=&#8221;640px&#8221; module_alignment=&#8221;center&#8221; custom_margin=&#8221;0px||0px||true|false&#8221; custom_padding=&#8221;0px||0px||true|false&#8221; global_colors_info=&#8221;{}&#8221;][et_pb_column type=&#8221;4_4&#8243; _builder_version=&#8221;4.20.0&#8243; _module_preset=&#8221;default&#8221; global_colors_info=&#8221;{}&#8221;][et_pb_text disabled_on=&#8221;on|on|on&#8221; _builder_version=&#8221;4.23.4&#8243; _module_preset=&#8221;default&#8221; text_font=&#8221;Inter||||||||&#8221; header_5_font=&#8221;Inter|||on|||||&#8221; header_5_text_color=&#8221;#141414&#8243; header_5_font_size=&#8221;14px&#8221; custom_margin=&#8221;||6px||false|false&#8221; disabled=&#8221;on&#8221; global_colors_info=&#8221;{}&#8221;]<\/p>\n<h5>Kr\u00f6nika<\/h5>\n<p>[\/et_pb_text][et_pb_text _builder_version=&#8221;4.27.4&#8243; _module_preset=&#8221;default&#8221; header_font=&#8221;|700|||||||&#8221; header_font_size=&#8221;47px&#8221; custom_margin=&#8221;||0px||false|false&#8221; custom_padding=&#8221;||0px||false|false&#8221; header_font_size_tablet=&#8221;45px&#8221; header_font_size_phone=&#8221;30px&#8221; header_font_size_last_edited=&#8221;on|phone&#8221; custom_css_free_form=&#8221;.citat-blue{||  color:#007CBF;||}||.reg-txt{||  font-weight:normal!important;||}&#8221; global_colors_info=&#8221;{}&#8221;]<\/p>\n<h1>Gratis sportutrustning lyfter \u00f6rebroarnas fritid<\/h1>\n<p>[\/et_pb_text][et_pb_text _builder_version=&#8221;4.23.4&#8243; _dynamic_attributes=&#8221;content&#8221; _module_preset=&#8221;default&#8221; text_font=&#8221;Inter||||||||&#8221; text_text_color=&#8221;#505762&#8243; header_5_font=&#8221;Inter||||||||&#8221; header_5_text_color=&#8221;#505762&#8243; header_5_font_size=&#8221;14px&#8221; custom_margin=&#8221;||14px||false|false&#8221; global_colors_info=&#8221;{}&#8221;]@ET-DC@eyJkeW5hbWljIjp0cnVlLCJjb250ZW50IjoicG9zdF9kYXRlIiwic2V0dGluZ3MiOnsiYmVmb3JlIjoiIiwiYWZ0ZXIiOiIiLCJkYXRlX2Zvcm1hdCI6ImRlZmF1bHQiLCJjdXN0b21fZGF0ZV9mb3JtYXQiOiIifX0=@[\/et_pb_text][et_pb_text _builder_version=&#8221;4.27.4&#8243; _module_preset=&#8221;default&#8221; text_font=&#8221;Inter|800|||||||&#8221; text_text_color=&#8221;#191919&#8243; text_font_size=&#8221;20px&#8221; header_4_font=&#8221;Inter|700|||||||&#8221; header_4_text_color=&#8221;#191919&#8243; header_4_font_size=&#8221;20px&#8221; header_4_line_height=&#8221;1.3em&#8221; custom_margin=&#8221;||0px||false|false&#8221; custom_padding=&#8221;||0px||false|false&#8221; global_colors_info=&#8221;{}&#8221;]<\/p>\n<p>Fritidsbanken l\u00e5nar ut allt fr\u00e5n skridskor till kickbikes \u2013 utan kostnad. Nicolas Sandoval, tillf\u00f6rordnad verksamhetschef i \u00d6rebro kommun, ser verksamheten som en nyckel till b\u00e5de j\u00e4mlik fritid och h\u00e5llbar konsumtion.<\/p>\n<p>[\/et_pb_text][et_pb_text _builder_version=&#8221;4.24.0&#8243; _module_preset=&#8221;default&#8221; text_font=&#8221;Inter||||||||&#8221; text_text_color=&#8221;#141414&#8243; text_font_size=&#8221;16px&#8221; header_6_font_size=&#8221;16px&#8221; header_6_line_height=&#8221;1.3em&#8221; background_color=&#8221;#eff0f2&#8243; custom_margin=&#8221;20px||0px||false|false&#8221; custom_padding=&#8221;14px|20px|14px|20px|true|true&#8221; header_6_line_height_phone=&#8221;1.3em&#8221; header_6_line_height_last_edited=&#8221;off|desktop&#8221; global_colors_info=&#8221;{}&#8221;]<\/p>\n<h6 style=\"padding-bottom: 0px;\"><strong>Inneh\u00e5ll fr\u00e5n \u00d6rebro kommun<\/strong> &#8211; stolt partner till \u00d6rebro idrottsgala 2025.<\/h6>\n<p>[\/et_pb_text][\/et_pb_column][\/et_pb_row][et_pb_row _builder_version=&#8221;4.23.1&#8243; _module_preset=&#8221;default&#8221; width_tablet=&#8221;100%&#8221; width_phone=&#8221;100%&#8221; width_last_edited=&#8221;on|phone&#8221; max_width=&#8221;950px&#8221; module_alignment=&#8221;center&#8221; custom_padding=&#8221;30px||30px||true|false&#8221; global_colors_info=&#8221;{}&#8221;][et_pb_column type=&#8221;4_4&#8243; _builder_version=&#8221;4.23.1&#8243; _module_preset=&#8221;default&#8221; global_colors_info=&#8221;{}&#8221;][et_pb_image src=&#8221;https:\/\/kampanj.na.se\/idrottsgalan\/wp-content\/uploads\/2025\/01\/na-orebro-kommun-1_Foto_Orebrokommun.jpg&#8221; title_text=&#8221;na-orebro-kommun-1_Foto_Orebrokommun&#8221; _builder_version=&#8221;4.27.4&#8243; _module_preset=&#8221;default&#8221; custom_margin=&#8221;0px||10px||false|false&#8221; custom_padding=&#8221;0px||0px||false|false&#8221; global_colors_info=&#8221;{}&#8221;][\/et_pb_image][et_pb_text _builder_version=&#8221;4.27.4&#8243; _module_preset=&#8221;default&#8221; text_text_color=&#8221;#505762&#8243; text_line_height=&#8221;1.3em&#8221; header_5_font=&#8221;Inter||||||||&#8221; header_5_text_color=&#8221;#505762&#8243; width_tablet=&#8221;80%&#8221; width_phone=&#8221;90%&#8221; width_last_edited=&#8221;on|phone&#8221; module_alignment=&#8221;center&#8221; custom_margin=&#8221;0px||0px||true|false&#8221; custom_padding=&#8221;0px||0px||false|false&#8221; custom_padding_tablet=&#8221;|||20px|false|false&#8221; custom_padding_phone=&#8221;|||20px|false|false&#8221; custom_padding_last_edited=&#8221;off|desktop&#8221; locked=&#8221;off&#8221; global_colors_info=&#8221;{}&#8221;]<\/p>\n<p>Nicolas Sandoval, tillf\u00f6rordnad verksamhetschef i \u00d6rebro kommun.<br \/>Bild: \u00d6rebro kommun<\/p>\n<p>[\/et_pb_text][et_pb_text disabled_on=&#8221;on|on|on&#8221; _builder_version=&#8221;4.24.2&#8243; _module_preset=&#8221;default&#8221; text_text_color=&#8221;#505762&#8243; text_line_height=&#8221;1.3em&#8221; header_5_font=&#8221;Inter||||||||&#8221; header_5_text_color=&#8221;#505762&#8243; width=&#8221;100%&#8221; width_tablet=&#8221;80%&#8221; width_phone=&#8221;90%&#8221; width_last_edited=&#8221;on|desktop&#8221; module_alignment=&#8221;center&#8221; custom_margin=&#8221;10px||0px||false|false&#8221; custom_padding=&#8221;||||false|false&#8221; custom_padding_tablet=&#8221;|||20px|false|false&#8221; custom_padding_phone=&#8221;|||20px|false|false&#8221; custom_padding_last_edited=&#8221;off|phone&#8221; disabled=&#8221;on&#8221; global_colors_info=&#8221;{}&#8221;]<\/p>\n<p>Bildtext.<\/p>\n<p>[\/et_pb_text][\/et_pb_column][\/et_pb_row][et_pb_row _builder_version=&#8221;4.23.1&#8243; _module_preset=&#8221;default&#8221; width_tablet=&#8221;80%&#8221; width_phone=&#8221;90%&#8221; width_last_edited=&#8221;on|phone&#8221; max_width=&#8221;640px&#8221; module_alignment=&#8221;center&#8221; custom_margin=&#8221;0px||0px||true|false&#8221; custom_padding=&#8221;0px||0px||false|false&#8221; global_colors_info=&#8221;{}&#8221;][et_pb_column type=&#8221;4_4&#8243; _builder_version=&#8221;4.20.0&#8243; _module_preset=&#8221;default&#8221; global_colors_info=&#8221;{}&#8221;][et_pb_text module_class=&#8221;tiempos-txt&#8221; _builder_version=&#8221;4.27.4&#8243; _module_preset=&#8221;default&#8221; text_text_color=&#8221;#191919&#8243; text_font_size=&#8221;18px&#8221; link_font=&#8221;Inter|700|||||||&#8221; link_text_color=&#8221;#1d3965&#8243; header_2_font_size=&#8221;24px&#8221; width_tablet=&#8221;100%&#8221; width_phone=&#8221;100%&#8221; width_last_edited=&#8221;off|desktop&#8221; custom_padding=&#8221;||||false|false&#8221; header_2_font_size_last_edited=&#8221;off|phone&#8221; custom_css_free_form=&#8221;h2{||  padding-bottom:0px;||  margin-bottom:8px;||}&#8221; global_colors_info=&#8221;{}&#8221;]<\/p>\n<p><a href=\"https:\/\/www.orebro.se\/kultur--fritid\/fritid--aktiviteter\/fritidsbanken.html\" target=\"_blank\" rel=\"noopener\">EXTERN L\u00c4NK: L\u00e4s mer om Fritidsbanken h\u00e4r<\/a><\/p>\n<p>Mitt i Markbacken i \u00d6rebro ligger en skatt f\u00f6r alla som vill prova p\u00e5 nya aktiviteter utan att beh\u00f6va k\u00f6pa dyr utrustning. Fritidsbanken, en verksamhet d\u00e4r sport- och fritidsprylar l\u00e5nas ut helt gratis, har snabbt blivit en ov\u00e4rderlig resurs f\u00f6r m\u00e5nga \u00f6rebroare.<\/p>\n<p>\u2013 Vi vill ta bort tr\u00f6sklarna. Alla ska kunna prova p\u00e5 aktiviteter oavsett bakgrund eller ekonomi, s\u00e4ger Nicolas Sandoval, tillf\u00f6rordnad verksamhetschef f\u00f6r \u00d6ppna m\u00f6tesplatser i \u00d6rebro kommun.<\/p>\n<p>Konceptet \u00e4r enkelt: inl\u00e4mnad sportutrustning kontrolleras och st\u00e4lls i ordning f\u00f6r att l\u00e5nas ut. H\u00e4r finns allt fr\u00e5n skridskor och skidor till kickbikes och pingisracketar. L\u00e5netiden \u00e4r 14 dagar, och ingen avgift tas ut. F\u00f6r m\u00e5nga barnfamiljer har detta blivit en l\u00f6sning p\u00e5 ett vanligt problem: h\u00f6ga kostnader f\u00f6r att kunna delta i fritidsaktiviteter.<\/p>\n<p>\u2013 Det \u00e4r inte bara pengar folk sparar. M\u00e5nga v\u00e5gar ocks\u00e5 prova p\u00e5 nya saker utan att k\u00e4nna pressen att k\u00f6pa utrustning de kanske bara anv\u00e4nder en g\u00e5ng, s\u00e4ger Nicolas Sandoval. F\u00f6r en del kan det ocks\u00e5 bli starten till att forts\u00e4tta med n\u00e5gon idrott.<a href=\"https:\/\/www.orebro.se\/kultur--fritid\/fritid--aktiviteter\/fritidsbanken.html\" target=\"_blank\" rel=\"noopener\"><\/a><\/p>\n<p>[\/et_pb_text][et_pb_image src=&#8221;https:\/\/kampanj.na.se\/idrottsgalan\/wp-content\/uploads\/2025\/01\/na-orebro-kommun-1.jpg&#8221; title_text=&#8221;na-orebro-kommun-1&#8243; _builder_version=&#8221;4.27.4&#8243; _module_preset=&#8221;default&#8221; custom_margin=&#8221;25px||25px||true|false&#8221; custom_padding=&#8221;0px||0px||true|false&#8221; global_colors_info=&#8221;{}&#8221;][\/et_pb_image][et_pb_text disabled_on=&#8221;on|on|on&#8221; _builder_version=&#8221;4.24.2&#8243; _module_preset=&#8221;default&#8221; text_text_color=&#8221;#505762&#8243; text_line_height=&#8221;1.3em&#8221; header_5_font=&#8221;Inter||||||||&#8221; header_5_text_color=&#8221;#505762&#8243; width_tablet=&#8221;100%&#8221; width_phone=&#8221;100%&#8221; width_last_edited=&#8221;off|desktop&#8221; custom_margin=&#8221;0px||25px||false|false&#8221; custom_padding=&#8221;0px||0px||false|false&#8221; custom_padding_tablet=&#8221;|||20px|false|false&#8221; custom_padding_phone=&#8221;|||20px|false|false&#8221; custom_padding_last_edited=&#8221;off|desktop&#8221; disabled=&#8221;on&#8221; locked=&#8221;off&#8221; global_colors_info=&#8221;{}&#8221;]<\/p>\n<p>Bildtext.<\/p>\n<p>[\/et_pb_text][et_pb_text module_class=&#8221;tiempos-txt&#8221; _builder_version=&#8221;4.24.2&#8243; _module_preset=&#8221;default&#8221; text_text_color=&#8221;#191919&#8243; text_font_size=&#8221;18px&#8221; link_font=&#8221;Inter|700|||||||&#8221; link_text_color=&#8221;#1d3965&#8243; header_2_font_size=&#8221;24px&#8221; width_tablet=&#8221;100%&#8221; width_phone=&#8221;100%&#8221; width_last_edited=&#8221;off|desktop&#8221; custom_padding=&#8221;||||false|false&#8221; header_2_font_size_last_edited=&#8221;off|phone&#8221; custom_css_free_form=&#8221;h2{||  padding-bottom:0px;||  margin-bottom:8px;||}&#8221; global_colors_info=&#8221;{}&#8221;]<\/p>\n<h2>H\u00f6gt tryck under vintern<\/h2>\n<p>Under vinterhalv\u00e5ret \u00e4r trycket allra st\u00f6rst. Alpin utrustning \u00e4r s\u00e4rskilt popul\u00e4r, men \u00e4ven skridskor och l\u00e4ngdskidor l\u00e5nas ut i stora m\u00e4ngder.<\/p>\n<p>\u2013 Vi har v\u00e4xtv\u00e4rk. V\u00e5ra lokaler r\u00e4cker inte till f\u00f6r det h\u00f6ga utl\u00e5ningstrycket, s\u00e4rskilt under vintern. Vi tittar p\u00e5 m\u00f6jligheten att flytta till st\u00f6rre lokaler som skulle g\u00f6ra det m\u00f6jligt att \u00e4ven ut\u00f6ka v\u00e5rt utbud.<\/p>\n<p>Fritidsbanken handlar inte enbart om utrustning. Nicolas Sandoval beskriver verksamheten som en viktig pusselbit i kommunens satsning p\u00e5 j\u00e4mlikhet och h\u00e5llbarhet.<\/p>\n<p>\u2013 Vi vill ge alla chansen att r\u00f6ra p\u00e5 sig och m\u00f6tas. Det handlar inte bara om aktivitet, utan ocks\u00e5 om att bygga gemenskap. M\u00e5nga l\u00e5ntagare kommer hit, pratar och delar sina historier, s\u00e4ger han.<\/p>\n<p>Under somrarna tar Fritidsbanken med sig sitt koncept ut p\u00e5 turn\u00e9 till olika stadsdelar. H\u00e4r m\u00f6ts personalen av glada l\u00e5ntagare, som ibland redan haft hj\u00e4lp av verksamheten tidigare.<\/p>\n<p>\u2013 En tio\u00e5rig flicka kom fram och sa: \u201dDu l\u00e4rde mig \u00e5ka inlines!\u201d Hon hade varit med p\u00e5 en av v\u00e5ra sommaraktiviteter. S\u00e5dana \u00f6gonblick visar verkligen att vi g\u00f6r skillnad, s\u00e4ger Nicolas Sandoval.<\/p>\n<p>[\/et_pb_text][et_pb_image src=&#8221;https:\/\/kampanj.na.se\/idrottsgalan\/wp-content\/uploads\/2025\/01\/na-orebro-kommun-2_Foto_Orebrokommun.jpg&#8221; title_text=&#8221;na-orebro-kommun-2_Foto_Orebrokommun&#8221; _builder_version=&#8221;4.27.4&#8243; _module_preset=&#8221;default&#8221; custom_margin=&#8221;25px||10px||false|false&#8221; custom_padding=&#8221;0px||0px||true|false&#8221; global_colors_info=&#8221;{}&#8221;][\/et_pb_image][et_pb_text _builder_version=&#8221;4.27.4&#8243; _module_preset=&#8221;default&#8221; text_text_color=&#8221;#505762&#8243; text_line_height=&#8221;1.3em&#8221; header_5_font=&#8221;Inter||||||||&#8221; header_5_text_color=&#8221;#505762&#8243; width_tablet=&#8221;100%&#8221; width_phone=&#8221;100%&#8221; width_last_edited=&#8221;off|desktop&#8221; custom_margin=&#8221;0px||25px||false|false&#8221; custom_padding=&#8221;0px||0px||false|false&#8221; custom_padding_tablet=&#8221;|||20px|false|false&#8221; custom_padding_phone=&#8221;|||20px|false|false&#8221; custom_padding_last_edited=&#8221;off|desktop&#8221; locked=&#8221;off&#8221; global_colors_info=&#8221;{}&#8221;]<\/p>\n<p>Bild: \u00d6rebro kommun<\/p>\n<p>[\/et_pb_text][et_pb_text module_class=&#8221;tiempos-txt&#8221; _builder_version=&#8221;4.24.2&#8243; _module_preset=&#8221;default&#8221; text_text_color=&#8221;#191919&#8243; text_font_size=&#8221;18px&#8221; link_font=&#8221;Inter|700|||||||&#8221; link_text_color=&#8221;#1d3965&#8243; header_2_font_size=&#8221;24px&#8221; width_tablet=&#8221;100%&#8221; width_phone=&#8221;100%&#8221; width_last_edited=&#8221;off|desktop&#8221; custom_padding=&#8221;||||false|false&#8221; header_2_font_size_last_edited=&#8221;off|phone&#8221; custom_css_free_form=&#8221;h2{||  padding-bottom:0px;||  margin-bottom:8px;||}&#8221; global_colors_info=&#8221;{}&#8221;]<\/p>\n<h2>Cirkul\u00e4rt och h\u00e5llbart<\/h2>\n<p>Det \u00e4r inte bara m\u00e4nniskor som tj\u00e4nar p\u00e5 konceptet. Genom att \u00e5teranv\u00e4nda utrustning bidrar Fritidsbanken till att minska avfall och fr\u00e4mja en cirkul\u00e4r ekonomi.<\/p>\n<p>\u2013 Vi f\u00f6rl\u00e4nger livsl\u00e4ngden p\u00e5 prylar som annars kanske hade hamnat p\u00e5 tippen. Det \u00e4r b\u00e5de ekonomiskt och milj\u00f6m\u00e4ssigt h\u00e5llbart, s\u00e4ger Nicolas Sandoval.<\/p>\n<p>Med runt 25\u00a0000 l\u00e5n om \u00e5ret v\u00e4xer trycket p\u00e5 Fritidsbanken. Lokalerna i Markbacken och Odensbacken b\u00f6rjar bli f\u00f6r sm\u00e5, och platsbristen har blivit en utmaning som kr\u00e4ver en snabb l\u00f6sning.<\/p>\n<p>\u2013 Vi ser det som en investering i framtiden. Genom att skapa tillg\u00e4nglighet och m\u00f6jligheter f\u00f6r fler hoppas vi kunna bidra \u00e4nnu mer till b\u00e5de samh\u00e4llet och milj\u00f6n, avslutar Nicolas Sandoval.<\/p>\n<p><a href=\"https:\/\/www.orebro.se\/kultur--fritid\/fritid--aktiviteter\/fritidsbanken.html\" target=\"_blank\" rel=\"noopener\">EXTERN L\u00c4NK: L\u00e4s mer om Fritidsbanken h\u00e4r<\/a><\/p>\n<p>[\/et_pb_text][et_pb_text _builder_version=&#8221;4.27.4&#8243; _module_preset=&#8221;default&#8221; text_text_color=&#8221;#191919&#8243; text_font_size=&#8221;16px&#8221; background_color=&#8221;#f0f0f2&#8243; custom_padding=&#8221;30px|30px|30px|30px|true|true&#8221; border_radii=&#8221;on|0.5rem|0.5rem|0.5rem|0.5rem&#8221; global_colors_info=&#8221;{}&#8221;]<\/p>\n<h6>FAKTA<\/h6>\n<h2>Fritidsbanken i \u00d6rebro<\/h2>\n<p>Fritidsbanken g\u00f6r det enkelt f\u00f6r \u00f6rebroare att l\u00e5na sport- och fritidsutrustning utan kostnad. Utrustning som skidor, skridskor och kickbikes \u00e4r s\u00e4rskilt popul\u00e4r, och totalt g\u00f6rs runt 25 000 l\u00e5n varje \u00e5r.<\/p>\n<p>Med lokaler i b\u00e5de Markbacken och Odensbacken erbjuder Fritidsbanken allt fr\u00e5n alpin utrustning till pingisracketar, med en l\u00e5netid p\u00e5 14 dagar. M\u00e5let \u00e4r att ge fler chansen att prova p\u00e5 nya aktiviteter och samtidigt bidra till en mer h\u00e5llbar konsumtion.<\/p>\n<p><strong><a href=\"https:\/\/orebro.se\/fritidsbanken\" target=\"_blank\" rel=\"noopener\">EXTERN L\u00c4NK: L\u00e4s mer p\u00e5 orebro.se\/fritidsbanken<\/a><\/strong><\/p>\n<p>[\/et_pb_text][et_pb_text disabled_on=&#8221;on|on|on&#8221; _builder_version=&#8221;4.27.4&#8243; _module_preset=&#8221;default&#8221; text_text_color=&#8221;#191919&#8243; text_font_size=&#8221;16px&#8221; background_color=&#8221;#f0f0f2&#8243; custom_margin=&#8221;30px||||false|false&#8221; custom_padding=&#8221;30px|30px|30px|30px|true|true&#8221; border_radii=&#8221;on|0.5rem|0.5rem|0.5rem|0.5rem&#8221; disabled=&#8221;on&#8221; global_module=&#8221;1480&#8243; locked=&#8221;off&#8221; global_colors_info=&#8221;{}&#8221;]<\/p>\n<h2>Idrottsgalan i \u00d6rebro<\/h2>\n<p><strong>N\u00e4r:<\/strong> Den 19 mars 2025.<\/p>\n<p><strong>Var:<\/strong> Conventum kongress.<\/p>\n<p><strong>Uppl\u00e4gg:<\/strong> NA vill tillsammans med en rad partners uppm\u00e4rksamma s\u00e5v\u00e4l elit- som breddidrotten i \u00d6rebro l\u00e4n. Totalt elva priser ska delas ut. G\u00e4sterna f\u00e5r \u00e4ran att vandra p\u00e5 den r\u00f6da mattan \u2013 och i vanlig galaordning kommer det att ske fotografering, mingel, artistupptr\u00e4danden samt serveras en trer\u00e4ttersmiddag.<\/p>\n<p><strong>Konferencier:<\/strong> Tv-profilen Jessica Almen\u00e4s.<\/p>\n<p><strong>Biljetter:<\/strong> Finns att k\u00f6pa <span style=\"text-decoration: underline;\"><strong><a href=\"https:\/\/secure.tickster.com\/n1rzgg14ywg5xm9\" target=\"_blank\" rel=\"noopener\">h\u00e4r<\/a><\/strong><\/span><\/p>\n<p>[\/et_pb_text][\/et_pb_column][\/et_pb_row][\/et_pb_section]<\/p>\n","protected":false},"excerpt":{"rendered":"<p>Kr\u00f6nikaGratis sportutrustning lyfter \u00f6rebroarnas fritidFritidsbanken l\u00e5nar ut allt fr\u00e5n skridskor till kickbikes \u2013 utan kostnad. Nicolas Sandoval, tillf\u00f6rordnad verksamhetschef i \u00d6rebro kommun, ser verksamheten som en nyckel till b\u00e5de j\u00e4mlik fritid och h\u00e5llbar konsumtion.Inneh\u00e5ll fr\u00e5n \u00d6rebro kommun &#8211; stolt partner till \u00d6rebro idrottsgala 2025.Nicolas Sandoval, tillf\u00f6rordnad verksamhetschef i \u00d6rebro kommun.Bild: \u00d6rebro kommunBildtext.EXTERN L\u00c4NK: L\u00e4s mer [&hellip;]<\/p>\n","protected":false},"author":1,"featured_media":1357,"comment_status":"closed","ping_status":"closed","sticky":false,"template":"","format":"standard","meta":{"_et_pb_use_builder":"on","_et_pb_old_content":"","_et_gb_content_width":"","footnotes":""},"categories":[13],"tags":[],"class_list":["post-1355","post","type-post","status-publish","format-standard","has-post-thumbnail","hentry","category-idrottsgalan-2025"],"_links":{"self":[{"href":"https:\/\/kampanj.na.se\/idrottsgalan\/wp-json\/wp\/v2\/posts\/1355","targetHints":{"allow":["GET"]}}],"collection":[{"href":"https:\/\/kampanj.na.se\/idrottsgalan\/wp-json\/wp\/v2\/posts"}],"about":[{"href":"https:\/\/kampanj.na.se\/idrottsgalan\/wp-json\/wp\/v2\/types\/post"}],"author":[{"embeddable":true,"href":"https:\/\/kampanj.na.se\/idrottsgalan\/wp-json\/wp\/v2\/users\/1"}],"replies":[{"embeddable":true,"href":"https:\/\/kampanj.na.se\/idrottsgalan\/wp-json\/wp\/v2\/comments?post=1355"}],"version-history":[{"count":20,"href":"https:\/\/kampanj.na.se\/idrottsgalan\/wp-json\/wp\/v2\/posts\/1355\/revisions"}],"predecessor-version":[{"id":1697,"href":"https:\/\/kampanj.na.se\/idrottsgalan\/wp-json\/wp\/v2\/posts\/1355\/revisions\/1697"}],"wp:featuredmedia":[{"embeddable":true,"href":"https:\/\/kampanj.na.se\/idrottsgalan\/wp-json\/wp\/v2\/media\/1357"}],"wp:attachment":[{"href":"https:\/\/kampanj.na.se\/idrottsgalan\/wp-json\/wp\/v2\/media?parent=1355"}],"wp:term":[{"taxonomy":"category","embeddable":true,"href":"https:\/\/kampanj.na.se\/idrottsgalan\/wp-json\/wp\/v2\/categories?post=1355"},{"taxonomy":"post_tag","embeddable":true,"href":"https:\/\/kampanj.na.se\/idrottsgalan\/wp-json\/wp\/v2\/tags?post=1355"}],"curies":[{"name":"wp","href":"https:\/\/api.w.org\/{rel}","templated":true}]}}