{"id":1327,"date":"2025-01-15T16:12:29","date_gmt":"2025-01-15T15:12:29","guid":{"rendered":"https:\/\/kampanj.na.se\/idrottsgalan\/?p=1327"},"modified":"2026-01-22T10:54:54","modified_gmt":"2026-01-22T09:54:54","slug":"valfyllt-ar-vantar-pa-glassery-ett-skont-stalle-for-alla-aret-om","status":"publish","type":"post","link":"https:\/\/kampanj.na.se\/idrottsgalan\/valfyllt-ar-vantar-pa-glassery-ett-skont-stalle-for-alla-aret-om\/","title":{"rendered":"V\u00e4lfyllt \u00e5r v\u00e4ntar p\u00e5 Glassery &#8211; \u201cEtt sk\u00f6nt st\u00e4lle f\u00f6r alla, \u00e5ret om\u201d"},"content":{"rendered":"<p>[et_pb_section fb_built=&#8221;1&#8243; custom_padding_last_edited=&#8221;off|phone&#8221; module_class=&#8221;brodtext&#8221; _builder_version=&#8221;4.23.4&#8243; _module_preset=&#8221;default&#8221; background_color=&#8221;#f7f9fb&#8221; custom_padding=&#8221;30px||30px||false|false&#8221; custom_padding_tablet=&#8221;50px||50px||true|false&#8221; custom_padding_phone=&#8221;40px||40px||true|false&#8221; global_colors_info=&#8221;{}&#8221;][et_pb_row _builder_version=&#8221;4.23.1&#8243; _module_preset=&#8221;default&#8221; width_tablet=&#8221;80%&#8221; width_phone=&#8221;90%&#8221; width_last_edited=&#8221;on|phone&#8221; max_width=&#8221;640px&#8221; module_alignment=&#8221;center&#8221; custom_margin=&#8221;0px||0px||true|false&#8221; custom_padding=&#8221;0px||0px||true|false&#8221; global_colors_info=&#8221;{}&#8221;][et_pb_column type=&#8221;4_4&#8243; _builder_version=&#8221;4.20.0&#8243; _module_preset=&#8221;default&#8221; global_colors_info=&#8221;{}&#8221;][et_pb_text disabled_on=&#8221;on|on|on&#8221; _builder_version=&#8221;4.23.4&#8243; _module_preset=&#8221;default&#8221; text_font=&#8221;Inter||||||||&#8221; header_5_font=&#8221;Inter|||on|||||&#8221; header_5_text_color=&#8221;#141414&#8243; header_5_font_size=&#8221;14px&#8221; custom_margin=&#8221;||6px||false|false&#8221; disabled=&#8221;on&#8221; global_colors_info=&#8221;{}&#8221;]<\/p>\n<h5>Kr\u00f6nika<\/h5>\n<p>[\/et_pb_text][et_pb_text _builder_version=&#8221;4.27.4&#8243; _module_preset=&#8221;default&#8221; header_font=&#8221;|700|||||||&#8221; header_font_size=&#8221;40px&#8221; custom_margin=&#8221;||0px||false|false&#8221; custom_padding=&#8221;||0px||false|false&#8221; header_font_size_tablet=&#8221;37px&#8221; header_font_size_phone=&#8221;32px&#8221; header_font_size_last_edited=&#8221;on|phone&#8221; custom_css_free_form=&#8221;.citat-blue{||  color:#007CBF;||}||.reg-txt{||  font-weight:normal!important;||}&#8221; global_colors_info=&#8221;{}&#8221;]<\/p>\n<h1>V\u00e4lfyllt \u00e5r v\u00e4ntar p\u00e5 Glassery &#8211; \u201cEtt sk\u00f6nt st\u00e4lle f\u00f6r alla, \u00e5ret om\u201d<\/h1>\n<p>[\/et_pb_text][et_pb_text _builder_version=&#8221;4.23.4&#8243; _dynamic_attributes=&#8221;content&#8221; _module_preset=&#8221;default&#8221; text_font=&#8221;Inter||||||||&#8221; text_text_color=&#8221;#505762&#8243; header_5_font=&#8221;Inter||||||||&#8221; header_5_text_color=&#8221;#505762&#8243; header_5_font_size=&#8221;14px&#8221; custom_margin=&#8221;||14px||false|false&#8221; global_colors_info=&#8221;{}&#8221;]@ET-DC@eyJkeW5hbWljIjp0cnVlLCJjb250ZW50IjoicG9zdF9kYXRlIiwic2V0dGluZ3MiOnsiYmVmb3JlIjoiIiwiYWZ0ZXIiOiIiLCJkYXRlX2Zvcm1hdCI6ImRlZmF1bHQiLCJjdXN0b21fZGF0ZV9mb3JtYXQiOiIifX0=@[\/et_pb_text][et_pb_text _builder_version=&#8221;4.27.4&#8243; _module_preset=&#8221;default&#8221; text_font=&#8221;Inter|800|||||||&#8221; text_text_color=&#8221;#191919&#8243; text_font_size=&#8221;20px&#8221; header_4_font=&#8221;Inter|700|||||||&#8221; header_4_text_color=&#8221;#191919&#8243; header_4_font_size=&#8221;20px&#8221; header_4_line_height=&#8221;1.3em&#8221; custom_margin=&#8221;||0px||false|false&#8221; custom_padding=&#8221;||0px||false|false&#8221; global_colors_info=&#8221;{}&#8221;]<\/p>\n<p><b>Glasserys magiska utsikt och sk\u00f6na atmosf\u00e4r har redan tagit \u00d6rebroarna med storm.<br \/><\/b><b>Nu gasar \u00e4garen Hans Bihl p\u00e5 in i ett nytt \u00e5r &#8211; med mycket p\u00e5 g\u00e5ng.<br \/><\/b><b>\u2013 Glassery ska vara ett sk\u00f6nt st\u00e4lle d\u00e4r man tr\u00e4ffar gamla och nya v\u00e4nner, \u00e5ret om.<\/b><\/p>\n<p>[\/et_pb_text][et_pb_text _builder_version=&#8221;4.24.0&#8243; _module_preset=&#8221;default&#8221; text_font=&#8221;Inter||||||||&#8221; text_text_color=&#8221;#141414&#8243; text_font_size=&#8221;16px&#8221; header_6_font_size=&#8221;16px&#8221; header_6_line_height=&#8221;1.3em&#8221; background_color=&#8221;#eff0f2&#8243; custom_margin=&#8221;20px||0px||false|false&#8221; custom_padding=&#8221;14px|20px|14px|20px|true|true&#8221; header_6_line_height_phone=&#8221;1.3em&#8221; header_6_line_height_last_edited=&#8221;off|desktop&#8221; global_colors_info=&#8221;{}&#8221;]<\/p>\n<h6 style=\"padding-bottom: 0px;\"><strong>Inneh\u00e5ll fr\u00e5n Glassery<\/strong> &#8211; stolt partner till \u00d6rebro idrottsgala 2025.<\/h6>\n<p>[\/et_pb_text][\/et_pb_column][\/et_pb_row][et_pb_row _builder_version=&#8221;4.23.1&#8243; _module_preset=&#8221;default&#8221; width_tablet=&#8221;100%&#8221; width_phone=&#8221;100%&#8221; width_last_edited=&#8221;on|phone&#8221; max_width=&#8221;950px&#8221; module_alignment=&#8221;center&#8221; custom_padding=&#8221;30px||30px||true|false&#8221; global_colors_info=&#8221;{}&#8221;][et_pb_column type=&#8221;4_4&#8243; _builder_version=&#8221;4.23.1&#8243; _module_preset=&#8221;default&#8221; global_colors_info=&#8221;{}&#8221;][et_pb_image src=&#8221;https:\/\/kampanj.na.se\/idrottsgalan\/wp-content\/uploads\/2025\/01\/na-glassery-25-2.jpg&#8221; title_text=&#8221;na-glassery-25-2&#8243; _builder_version=&#8221;4.27.4&#8243; _module_preset=&#8221;default&#8221; custom_margin=&#8221;0px||0px||true|false&#8221; custom_padding=&#8221;0px||0px||false|false&#8221; global_colors_info=&#8221;{}&#8221;][\/et_pb_image][et_pb_text disabled_on=&#8221;on|on|on&#8221; _builder_version=&#8221;4.24.2&#8243; _module_preset=&#8221;default&#8221; text_text_color=&#8221;#505762&#8243; text_line_height=&#8221;1.3em&#8221; header_5_font=&#8221;Inter||||||||&#8221; header_5_text_color=&#8221;#505762&#8243; width=&#8221;100%&#8221; width_tablet=&#8221;80%&#8221; width_phone=&#8221;90%&#8221; width_last_edited=&#8221;on|desktop&#8221; module_alignment=&#8221;center&#8221; custom_margin=&#8221;10px||0px||false|false&#8221; custom_padding=&#8221;||||false|false&#8221; custom_padding_tablet=&#8221;|||20px|false|false&#8221; custom_padding_phone=&#8221;|||20px|false|false&#8221; custom_padding_last_edited=&#8221;off|phone&#8221; disabled=&#8221;on&#8221; global_colors_info=&#8221;{}&#8221;]<\/p>\n<p>Bildtext.<\/p>\n<p>[\/et_pb_text][\/et_pb_column][\/et_pb_row][et_pb_row _builder_version=&#8221;4.23.1&#8243; _module_preset=&#8221;default&#8221; width_tablet=&#8221;80%&#8221; width_phone=&#8221;90%&#8221; width_last_edited=&#8221;on|phone&#8221; max_width=&#8221;640px&#8221; module_alignment=&#8221;center&#8221; custom_margin=&#8221;0px||0px||true|false&#8221; custom_padding=&#8221;0px||0px||false|false&#8221; global_colors_info=&#8221;{}&#8221;][et_pb_column type=&#8221;4_4&#8243; _builder_version=&#8221;4.20.0&#8243; _module_preset=&#8221;default&#8221; global_colors_info=&#8221;{}&#8221;][et_pb_text module_class=&#8221;tiempos-txt&#8221; _builder_version=&#8221;4.27.4&#8243; _module_preset=&#8221;default&#8221; text_text_color=&#8221;#191919&#8243; text_font_size=&#8221;18px&#8221; link_font=&#8221;Inter|700|||||||&#8221; link_text_color=&#8221;#1d3965&#8243; header_2_font_size=&#8221;24px&#8221; width_tablet=&#8221;100%&#8221; width_phone=&#8221;100%&#8221; width_last_edited=&#8221;off|desktop&#8221; custom_padding=&#8221;||||false|false&#8221; header_2_font_size_last_edited=&#8221;off|phone&#8221; custom_css_free_form=&#8221;h2{||  padding-bottom:0px;||  margin-bottom:8px;||}&#8221; global_colors_info=&#8221;{}&#8221;]<\/p>\n<p><a href=\"https:\/\/glassery.se\/\" target=\"_blank\" rel=\"noopener\">EXTERN L\u00c4NK: V\u00e4lkommen till Glassery du ocks\u00e5!<\/a><\/p>\n<p>Sp\u00e4nnande coctails, dryckesprovningar och h\u00e4rliga fransk-svenska smaker.<br \/>L\u00e4gg d\u00e4rtill behaglig musik, en avsp\u00e4nd st\u00e4mning och m\u00f6jligheten att v\u00e4lja mellan restaurangen i gatuplan och den \u00e5ret-runt-\u00f6ppna takbaren som har en inglasad del med plats f\u00f6r n\u00e4stan 70 personer.<\/p>\n<p>\u2013 Flera av v\u00e5ra g\u00e4ster har uttryckt att Glassery ger en utlandsfeeling.. \u00c4n s\u00e5 l\u00e4nge \u00e4r det m\u00e5nga som f\u00f6rknippar oss endast med sommaren, men fler och fler uppt\u00e4cker allt vi har att erbjuda under hela \u00e5ret, s\u00e4ger Hans Bihl, \u00e4gare.<\/p>\n<h2>H\u00e4nf\u00f6rd av vyerna<\/h2>\n<p>Hans Bihl har framf\u00f6r allt jobbat med restaurangutbildningar under sitt yrkesliv. Han \u00e4r \u00e4ven internationellt utbildad spritsommelier.<\/p>\n<p>\u2013 Jag \u00e4r ur-\u00d6rebroare men har f\u00f6rut framf\u00f6r allt jobbat i andra st\u00e4der, som Stockholm.<\/p>\n<p>Under pandemin best\u00e4mde sig Hans Bihl f\u00f6r att starta en egen restaurang. Genom \u00e5ren hade han byggt upp en \u00f6nskan om att f\u00e5 driva en restaurang p\u00e5 sitt eget s\u00e4tt.<\/p>\n<p>N\u00e4r han \u00e5r 2022 fick lokalen p\u00e5 s\u00f6der visad f\u00f6r sig h\u00e4nde n\u00e5got.<\/p>\n<p>\u2013 N\u00e4r vi \u00e5kte upp p\u00e5 taket blev jag helt betagen i m\u00f6jligheten jag s\u00e5g. D\u00e5 var det bara ett tak, men det var en s\u00e5 fin vy \u00f6ver \u00d6rebro h\u00e4ruppifr\u00e5n &#8211; man ser varenda landm\u00e4rke.<\/p>\n<p>N\u00e4sta steg blev en enorm byggprocess. Med biytor \u00e4r lokalen n\u00e4stan 900 kvadratmeter stor.<\/p>\n<p>24 maj 2024 slogs portarna upp &#8211; och det blev succ\u00e9 direkt.<\/p>\n<p>\u2013 Vi hade en fantastisk sommar! Vid fint v\u00e4der var det ofta k\u00f6 f\u00f6r att komma upp.<\/p>\n<p>[\/et_pb_text][et_pb_image src=&#8221;https:\/\/kampanj.na.se\/idrottsgalan\/wp-content\/uploads\/2025\/01\/na-glassery-hans-bihl.jpg&#8221; title_text=&#8221;na-glassery-hans-bihl&#8221; _builder_version=&#8221;4.27.4&#8243; _module_preset=&#8221;default&#8221; custom_margin=&#8221;25px||10px||false|false&#8221; custom_padding=&#8221;0px||0px||true|false&#8221; global_colors_info=&#8221;{}&#8221;][\/et_pb_image][et_pb_text _builder_version=&#8221;4.27.4&#8243; _module_preset=&#8221;default&#8221; text_text_color=&#8221;#505762&#8243; text_line_height=&#8221;1.3em&#8221; header_5_font=&#8221;Inter||||||||&#8221; header_5_text_color=&#8221;#505762&#8243; width_tablet=&#8221;100%&#8221; width_phone=&#8221;100%&#8221; width_last_edited=&#8221;off|desktop&#8221; custom_margin=&#8221;0px||25px||false|false&#8221; custom_padding=&#8221;0px||0px||false|false&#8221; custom_padding_tablet=&#8221;|||20px|false|false&#8221; custom_padding_phone=&#8221;|||20px|false|false&#8221; custom_padding_last_edited=&#8221;off|desktop&#8221; locked=&#8221;off&#8221; global_colors_info=&#8221;{}&#8221;]<\/p>\n<p>Hans Bihl, \u00e4gare av Glassery.<\/p>\n<p>[\/et_pb_text][et_pb_text disabled_on=&#8221;on|on|on&#8221; _builder_version=&#8221;4.24.2&#8243; _module_preset=&#8221;default&#8221; text_text_color=&#8221;#505762&#8243; text_line_height=&#8221;1.3em&#8221; header_5_font=&#8221;Inter||||||||&#8221; header_5_text_color=&#8221;#505762&#8243; width_tablet=&#8221;100%&#8221; width_phone=&#8221;100%&#8221; width_last_edited=&#8221;off|desktop&#8221; custom_margin=&#8221;0px||25px||false|false&#8221; custom_padding=&#8221;0px||0px||false|false&#8221; custom_padding_tablet=&#8221;|||20px|false|false&#8221; custom_padding_phone=&#8221;|||20px|false|false&#8221; custom_padding_last_edited=&#8221;off|desktop&#8221; disabled=&#8221;on&#8221; locked=&#8221;off&#8221; global_colors_info=&#8221;{}&#8221;]<\/p>\n<p>Bildtext.<\/p>\n<p>[\/et_pb_text][et_pb_text module_class=&#8221;tiempos-txt&#8221; _builder_version=&#8221;4.24.2&#8243; _module_preset=&#8221;default&#8221; text_text_color=&#8221;#191919&#8243; text_font_size=&#8221;18px&#8221; link_font=&#8221;Inter|700|||||||&#8221; link_text_color=&#8221;#1d3965&#8243; header_2_font_size=&#8221;24px&#8221; width_tablet=&#8221;100%&#8221; width_phone=&#8221;100%&#8221; width_last_edited=&#8221;off|desktop&#8221; custom_padding=&#8221;||||false|false&#8221; header_2_font_size_last_edited=&#8221;off|phone&#8221; custom_css_free_form=&#8221;h2{||  padding-bottom:0px;||  margin-bottom:8px;||}&#8221; global_colors_info=&#8221;{}&#8221;]<\/p>\n<h2>En restaurang f\u00f6r alla<\/h2>\n<p>Planerna f\u00f6r 2025 \u00e4r m\u00e5nga:<\/p>\n<p>\u2013 Vi kommer att utveckla matkonceptet v\u00e4ldigt mycket under \u00e5ret eftersom vi precis har signat med en kock med gedigen erfarenhet och ett internationellt CV. Det k\u00e4nns otroligt kul! Vi vill erbjuda enkel men riktigt god mat d\u00e4r nere, m\u00e5nga sm\u00e5r\u00e4tter i ett &#8221;sharing&#8221;-koncept och stort fokus p\u00e5 riktigt bra dryck och en massa coctails d\u00e4r uppe. F\u00f6r mig som kr\u00f6gare \u00e4r det viktigt att det ska k\u00e4nnas enkelt att komma till oss.<\/p>\n<p>\u2013 M\u00e5nga tror kanske att vi \u00e4r lite \u201cfancy\u201d &#8211; att man beh\u00f6ver kl\u00e4 upp sig f\u00f6r att bes\u00f6ka oss. Men det st\u00e4mmer inte. Vi har en otroligt bred publik, och alla \u00e4r v\u00e4lkomna!<\/p>\n<p>Hans Bihls l\u00e5nga erfarenhet som spritsommelier pr\u00e4glar Glasserys utbud.<\/p>\n<p>Den genomt\u00e4nkta drinkmenyn \u00e4r v\u00e4lfylld.<\/p>\n<p>\u2013 Vi har ett h\u00f6gt kvalitetst\u00e4nk n\u00e4r det g\u00e4ller ingredienser. Vi \u00e4r noggranna rakt igenom. Juicerna k\u00f6ps in fr\u00e5n speciella leverant\u00f6rer.<a href=\"https:\/\/glassery.se\/\" target=\"_blank\" rel=\"noopener\"><\/a><\/p>\n<p>[\/et_pb_text][et_pb_image src=&#8221;https:\/\/kampanj.na.se\/idrottsgalan\/wp-content\/uploads\/2025\/01\/na-glassery-25-3.jpg&#8221; title_text=&#8221;na-glassery-25-3&#8243; _builder_version=&#8221;4.27.4&#8243; _module_preset=&#8221;default&#8221; custom_margin=&#8221;25px||25px||true|false&#8221; custom_padding=&#8221;0px||0px||true|false&#8221; global_colors_info=&#8221;{}&#8221;][\/et_pb_image][et_pb_text module_class=&#8221;tiempos-txt&#8221; _builder_version=&#8221;4.24.2&#8243; _module_preset=&#8221;default&#8221; text_text_color=&#8221;#191919&#8243; text_font_size=&#8221;18px&#8221; link_font=&#8221;Inter|700|||||||&#8221; link_text_color=&#8221;#1d3965&#8243; header_2_font_size=&#8221;24px&#8221; width_tablet=&#8221;100%&#8221; width_phone=&#8221;100%&#8221; width_last_edited=&#8221;off|desktop&#8221; custom_padding=&#8221;||||false|false&#8221; header_2_font_size_last_edited=&#8221;off|phone&#8221; custom_css_free_form=&#8221;h2{||  padding-bottom:0px;||  margin-bottom:8px;||}&#8221; global_colors_info=&#8221;{}&#8221;]<\/p>\n<h2>H\u00e4ndelserikt \u00e5r v\u00e4ntar<\/h2>\n<p>Eventkalendern f\u00f6r 2025 h\u00e5ller nu p\u00e5 att fyllas p\u00e5, och Hans Bihl har m\u00e5nga id\u00e9er:<\/p>\n<p>\u2013 Livespelningar, barskola, whiskyprovningar, winemakers dinner, champagneprovningar\u2026 Vi har mycket p\u00e5 g\u00e5ng!<\/p>\n<p>\u2013 Det brukar ocks\u00e5 bli en del spontanprovningar med b\u00e5de rom och whisky. Det har varit uppskattat.<\/p>\n<p>Hans Bihl ber\u00e4ttar att han alltid har \u00e4lskat restaurangmilj\u00f6n, och det som f\u00e5r honom att trivas dag efter dag \u00e4r m\u00f6tena med m\u00e4nniskor.<\/p>\n<p>\u2013 Jag \u00e4lskar service, och jag brinner f\u00f6r utveckling. Det h\u00e4nder s\u00e5 mycket i m\u00f6tet med andra m\u00e4nniskor och det g\u00f6r det v\u00e4ldigt givande att vara restaurang\u00e4gare.<\/p>\n<p>Restaurangk\u00e4rleken grundlades redan p\u00e5 1970-talet, p\u00e5 restaurang Akropolis p\u00e5 norr i \u00d6rebro.<\/p>\n<p>\u2013 Vi var d\u00e4r d\u00e5 och d\u00e5, och de d\u00e4r bes\u00f6ken fastnade hos mig. Det \u00e4r starka minnen f\u00f6r mig, med den goda maten och de v\u00e4nliga m\u00e4nniskorna. Jag drogs till den v\u00e4rlden, och jag \u00e4lskar den fortfarande.<\/p>\n<p>Hans Bihl konstaterar att Glassery \u00e4r bel\u00e4get i en del av staden som inte \u00e4r etablerad ur ett n\u00f6jesperspektiv.<\/p>\n<p>\u2013 S\u00e5 det \u00e4r f\u00f6rst\u00e5s fortfarande m\u00e5nga som inte har hittat till Glassery \u00e4n. Man har sina stigar och sina revir. Men jag hoppas att \u00d6rebroarna vill lyfta blicken och v\u00e5ga prova \u00e4ven nya kvarter och nya st\u00e4llen. Vi vill verkligen vara en plats f\u00f6r alla &#8211; hela \u00e5ret om.<\/p>\n<p><a href=\"https:\/\/glassery.se\/\" target=\"_blank\" rel=\"noopener\">EXTERN L\u00c4NK: L\u00e4s mer och boka bord h\u00e4r!<\/a><\/p>\n<p>[\/et_pb_text][et_pb_text disabled_on=&#8221;on|on|on&#8221; _builder_version=&#8221;4.27.4&#8243; _module_preset=&#8221;default&#8221; text_text_color=&#8221;#191919&#8243; text_font_size=&#8221;16px&#8221; background_color=&#8221;#f0f0f2&#8243; custom_margin=&#8221;30px||||false|false&#8221; custom_padding=&#8221;30px|30px|30px|30px|true|true&#8221; border_radii=&#8221;on|0.5rem|0.5rem|0.5rem|0.5rem&#8221; disabled=&#8221;on&#8221; global_module=&#8221;1480&#8243; locked=&#8221;off&#8221; global_colors_info=&#8221;{}&#8221;]<\/p>\n<h2>Idrottsgalan i \u00d6rebro<\/h2>\n<p><strong>N\u00e4r:<\/strong> Den 19 mars 2025.<\/p>\n<p><strong>Var:<\/strong> Conventum kongress.<\/p>\n<p><strong>Uppl\u00e4gg:<\/strong> NA vill tillsammans med en rad partners uppm\u00e4rksamma s\u00e5v\u00e4l elit- som breddidrotten i \u00d6rebro l\u00e4n. Totalt elva priser ska delas ut. G\u00e4sterna f\u00e5r \u00e4ran att vandra p\u00e5 den r\u00f6da mattan \u2013 och i vanlig galaordning kommer det att ske fotografering, mingel, artistupptr\u00e4danden samt serveras en trer\u00e4ttersmiddag.<\/p>\n<p><strong>Konferencier:<\/strong> Tv-profilen Jessica Almen\u00e4s.<\/p>\n<p><strong>Biljetter:<\/strong> Finns att k\u00f6pa <span style=\"text-decoration: underline;\"><strong><a href=\"https:\/\/secure.tickster.com\/n1rzgg14ywg5xm9\" target=\"_blank\" rel=\"noopener\">h\u00e4r<\/a><\/strong><\/span><\/p>\n<p>[\/et_pb_text][\/et_pb_column][\/et_pb_row][\/et_pb_section]<\/p>\n","protected":false},"excerpt":{"rendered":"<p>Kr\u00f6nikaV\u00e4lfyllt \u00e5r v\u00e4ntar p\u00e5 Glassery &#8211; \u201cEtt sk\u00f6nt st\u00e4lle f\u00f6r alla, \u00e5ret om\u201dGlasserys magiska utsikt och sk\u00f6na atmosf\u00e4r har redan tagit \u00d6rebroarna med storm.Nu gasar \u00e4garen Hans Bihl p\u00e5 in i ett nytt \u00e5r &#8211; med mycket p\u00e5 g\u00e5ng.\u2013 Glassery ska vara ett sk\u00f6nt st\u00e4lle d\u00e4r man tr\u00e4ffar gamla och nya v\u00e4nner, \u00e5ret om.Inneh\u00e5ll fr\u00e5n [&hellip;]<\/p>\n","protected":false},"author":1,"featured_media":1338,"comment_status":"closed","ping_status":"closed","sticky":false,"template":"","format":"standard","meta":{"_et_pb_use_builder":"on","_et_pb_old_content":"","_et_gb_content_width":"","footnotes":""},"categories":[13],"tags":[],"class_list":["post-1327","post","type-post","status-publish","format-standard","has-post-thumbnail","hentry","category-idrottsgalan-2025"],"_links":{"self":[{"href":"https:\/\/kampanj.na.se\/idrottsgalan\/wp-json\/wp\/v2\/posts\/1327","targetHints":{"allow":["GET"]}}],"collection":[{"href":"https:\/\/kampanj.na.se\/idrottsgalan\/wp-json\/wp\/v2\/posts"}],"about":[{"href":"https:\/\/kampanj.na.se\/idrottsgalan\/wp-json\/wp\/v2\/types\/post"}],"author":[{"embeddable":true,"href":"https:\/\/kampanj.na.se\/idrottsgalan\/wp-json\/wp\/v2\/users\/1"}],"replies":[{"embeddable":true,"href":"https:\/\/kampanj.na.se\/idrottsgalan\/wp-json\/wp\/v2\/comments?post=1327"}],"version-history":[{"count":20,"href":"https:\/\/kampanj.na.se\/idrottsgalan\/wp-json\/wp\/v2\/posts\/1327\/revisions"}],"predecessor-version":[{"id":1698,"href":"https:\/\/kampanj.na.se\/idrottsgalan\/wp-json\/wp\/v2\/posts\/1327\/revisions\/1698"}],"wp:featuredmedia":[{"embeddable":true,"href":"https:\/\/kampanj.na.se\/idrottsgalan\/wp-json\/wp\/v2\/media\/1338"}],"wp:attachment":[{"href":"https:\/\/kampanj.na.se\/idrottsgalan\/wp-json\/wp\/v2\/media?parent=1327"}],"wp:term":[{"taxonomy":"category","embeddable":true,"href":"https:\/\/kampanj.na.se\/idrottsgalan\/wp-json\/wp\/v2\/categories?post=1327"},{"taxonomy":"post_tag","embeddable":true,"href":"https:\/\/kampanj.na.se\/idrottsgalan\/wp-json\/wp\/v2\/tags?post=1327"}],"curies":[{"name":"wp","href":"https:\/\/api.w.org\/{rel}","templated":true}]}}