{"id":1182,"date":"2024-02-22T16:40:47","date_gmt":"2024-02-22T15:40:47","guid":{"rendered":"https:\/\/kampanj.na.se\/idrottsgalan\/?p=1182"},"modified":"2026-01-22T10:56:30","modified_gmt":"2026-01-22T09:56:30","slug":"lokalt-engagemang-driver-storsponsorn-ingen-kraver-det-av-oss","status":"publish","type":"post","link":"https:\/\/kampanj.na.se\/idrottsgalan\/lokalt-engagemang-driver-storsponsorn-ingen-kraver-det-av-oss\/","title":{"rendered":"Lokalt engagemang driver storsponsorn: \u201cIngen kr\u00e4ver det av oss\u201d"},"content":{"rendered":"<p>[et_pb_section fb_built=&#8221;1&#8243; custom_padding_last_edited=&#8221;off|phone&#8221; module_class=&#8221;brodtext&#8221; _builder_version=&#8221;4.23.4&#8243; _module_preset=&#8221;default&#8221; background_color=&#8221;#f7f9fb&#8221; custom_padding=&#8221;30px||30px||false|false&#8221; custom_padding_tablet=&#8221;50px||50px||true|false&#8221; custom_padding_phone=&#8221;40px||40px||true|false&#8221; global_colors_info=&#8221;{}&#8221;][et_pb_row _builder_version=&#8221;4.23.1&#8243; _module_preset=&#8221;default&#8221; width_tablet=&#8221;80%&#8221; width_phone=&#8221;90%&#8221; width_last_edited=&#8221;on|phone&#8221; max_width=&#8221;640px&#8221; module_alignment=&#8221;center&#8221; custom_margin=&#8221;0px||0px||true|false&#8221; custom_padding=&#8221;0px||0px||true|false&#8221; global_colors_info=&#8221;{}&#8221;][et_pb_column type=&#8221;4_4&#8243; _builder_version=&#8221;4.20.0&#8243; _module_preset=&#8221;default&#8221; global_colors_info=&#8221;{}&#8221;][et_pb_text disabled_on=&#8221;on|on|on&#8221; _builder_version=&#8221;4.23.4&#8243; _module_preset=&#8221;default&#8221; text_font=&#8221;Inter||||||||&#8221; header_5_font=&#8221;Inter|||on|||||&#8221; header_5_text_color=&#8221;#141414&#8243; header_5_font_size=&#8221;14px&#8221; custom_margin=&#8221;||6px||false|false&#8221; disabled=&#8221;on&#8221; global_colors_info=&#8221;{}&#8221;]<\/p>\n<h5>Kr\u00f6nika<\/h5>\n<p>[\/et_pb_text][et_pb_text _builder_version=&#8221;4.24.2&#8243; _module_preset=&#8221;default&#8221; header_font=&#8221;|700|||||||&#8221; header_font_size=&#8221;45px&#8221; custom_margin=&#8221;||0px||false|false&#8221; custom_padding=&#8221;||0px||false|false&#8221; header_font_size_tablet=&#8221;40px&#8221; header_font_size_phone=&#8221;34px&#8221; header_font_size_last_edited=&#8221;on|tablet&#8221; custom_css_free_form=&#8221;.citat-blue{||  color:#007CBF;||}||.reg-txt{||  font-weight:normal!important;||}&#8221; global_colors_info=&#8221;{}&#8221;]<\/p>\n<h1>Lokalt engagemang driver storsponsorn: \u201cIngen kr\u00e4ver det av oss\u201d<\/h1>\n<p>[\/et_pb_text][et_pb_text _builder_version=&#8221;4.23.4&#8243; _dynamic_attributes=&#8221;content&#8221; _module_preset=&#8221;default&#8221; text_font=&#8221;Inter||||||||&#8221; text_text_color=&#8221;#505762&#8243; header_5_font=&#8221;Inter||||||||&#8221; header_5_text_color=&#8221;#505762&#8243; header_5_font_size=&#8221;14px&#8221; custom_margin=&#8221;||14px||false|false&#8221; global_colors_info=&#8221;{}&#8221;]@ET-DC@eyJkeW5hbWljIjp0cnVlLCJjb250ZW50IjoicG9zdF9kYXRlIiwic2V0dGluZ3MiOnsiYmVmb3JlIjoiIiwiYWZ0ZXIiOiIiLCJkYXRlX2Zvcm1hdCI6ImRlZmF1bHQiLCJjdXN0b21fZGF0ZV9mb3JtYXQiOiIifX0=@[\/et_pb_text][et_pb_text _builder_version=&#8221;4.24.2&#8243; _module_preset=&#8221;default&#8221; text_font=&#8221;Inter|800|||||||&#8221; text_text_color=&#8221;#191919&#8243; text_font_size=&#8221;20px&#8221; header_4_font=&#8221;Inter|700|||||||&#8221; header_4_text_color=&#8221;#191919&#8243; header_4_font_size=&#8221;20px&#8221; header_4_line_height=&#8221;1.3em&#8221; custom_margin=&#8221;||0px||false|false&#8221; custom_padding=&#8221;||0px||false|false&#8221; global_colors_info=&#8221;{}&#8221;]<\/p>\n<h4>N\u00e4r \u00d6rebros Idrottsgala gick av stapeln var Elon \u00d6rebro med som eventpartner och delade ut priset till \u00c5rets lag: \u00d6rebro Hockey.<\/h4>\n<p>[\/et_pb_text][et_pb_text _builder_version=&#8221;4.24.0&#8243; _module_preset=&#8221;default&#8221; text_font=&#8221;Inter||||||||&#8221; text_text_color=&#8221;#141414&#8243; text_font_size=&#8221;16px&#8221; header_6_font_size=&#8221;16px&#8221; header_6_line_height=&#8221;1.3em&#8221; background_color=&#8221;#eff0f2&#8243; custom_margin=&#8221;20px||0px||false|false&#8221; custom_padding=&#8221;14px|20px|14px|20px|true|true&#8221; header_6_line_height_phone=&#8221;1.3em&#8221; header_6_line_height_last_edited=&#8221;off|desktop&#8221; global_colors_info=&#8221;{}&#8221;]<\/p>\n<h6 style=\"padding-bottom: 0px;\"><strong>Inneh\u00e5ll fr\u00e5n Elon<\/strong> &#8211; stolt partner till \u00d6rebro Idrottsgala 2024.<\/h6>\n<p>[\/et_pb_text][\/et_pb_column][\/et_pb_row][et_pb_row _builder_version=&#8221;4.23.1&#8243; _module_preset=&#8221;default&#8221; width_tablet=&#8221;100%&#8221; width_phone=&#8221;100%&#8221; width_last_edited=&#8221;on|phone&#8221; max_width=&#8221;950px&#8221; module_alignment=&#8221;center&#8221; custom_padding=&#8221;30px||30px||true|false&#8221; global_colors_info=&#8221;{}&#8221;][et_pb_column type=&#8221;4_4&#8243; _builder_version=&#8221;4.23.1&#8243; _module_preset=&#8221;default&#8221; global_colors_info=&#8221;{}&#8221;][et_pb_image src=&#8221;https:\/\/kampanj.na.se\/idrottsgalan\/wp-content\/uploads\/2024\/02\/arets-lag-elon-1-ny.jpg&#8221; title_text=&#8221;arets-lag-elon-1-ny&#8221; _builder_version=&#8221;4.24.2&#8243; _module_preset=&#8221;default&#8221; custom_margin=&#8221;0px||0px||true|false&#8221; custom_padding=&#8221;0px||0px||false|false&#8221; global_colors_info=&#8221;{}&#8221;][\/et_pb_image][et_pb_text disabled_on=&#8221;on|on|on&#8221; _builder_version=&#8221;4.24.2&#8243; _module_preset=&#8221;default&#8221; text_text_color=&#8221;#505762&#8243; text_line_height=&#8221;1.3em&#8221; header_5_font=&#8221;Inter||||||||&#8221; header_5_text_color=&#8221;#505762&#8243; width=&#8221;100%&#8221; width_tablet=&#8221;80%&#8221; width_phone=&#8221;90%&#8221; width_last_edited=&#8221;on|desktop&#8221; module_alignment=&#8221;center&#8221; custom_margin=&#8221;10px||0px||false|false&#8221; custom_padding=&#8221;||||false|false&#8221; custom_padding_tablet=&#8221;|||20px|false|false&#8221; custom_padding_phone=&#8221;|||20px|false|false&#8221; custom_padding_last_edited=&#8221;off|phone&#8221; disabled=&#8221;on&#8221; global_colors_info=&#8221;{}&#8221;]<\/p>\n<p>Bildtext.<\/p>\n<p>[\/et_pb_text][\/et_pb_column][\/et_pb_row][et_pb_row _builder_version=&#8221;4.23.1&#8243; _module_preset=&#8221;default&#8221; width_tablet=&#8221;80%&#8221; width_phone=&#8221;90%&#8221; width_last_edited=&#8221;on|phone&#8221; max_width=&#8221;640px&#8221; module_alignment=&#8221;center&#8221; custom_margin=&#8221;0px||0px||true|false&#8221; custom_padding=&#8221;0px||0px||false|false&#8221; global_colors_info=&#8221;{}&#8221;][et_pb_column type=&#8221;4_4&#8243; _builder_version=&#8221;4.20.0&#8243; _module_preset=&#8221;default&#8221; global_colors_info=&#8221;{}&#8221;][et_pb_text module_class=&#8221;tiempos-txt&#8221; _builder_version=&#8221;4.24.2&#8243; _module_preset=&#8221;default&#8221; text_text_color=&#8221;#191919&#8243; text_font_size=&#8221;18px&#8221; link_font=&#8221;Inter|700|||||||&#8221; link_text_color=&#8221;#1d3965&#8243; header_2_font_size=&#8221;24px&#8221; width_tablet=&#8221;100%&#8221; width_phone=&#8221;100%&#8221; width_last_edited=&#8221;off|desktop&#8221; custom_padding=&#8221;||||false|false&#8221; header_2_font_size_last_edited=&#8221;off|phone&#8221; custom_css_free_form=&#8221;h2{||  padding-bottom:0px;||  margin-bottom:8px;||}&#8221; global_colors_info=&#8221;{}&#8221;]<\/p>\n<p><a href=\"https:\/\/www.elon.se\/butiker\/orebro\/elon-orebro\"><strong>EXTERN L\u00c4NK: Se det breda utbudet av k\u00f6k, sm\u00e5el och vitvaror hos Elon \u00d6rebro h\u00e4r<\/strong><\/a><\/p>\n<p>\u00d6rebro Hockeys m\u00e4ktiga resa kan tillskrivas m\u00e5nga personer inom f\u00f6reningen och p\u00e5 idrottsgalan fick laget ta emot priset av en av \u00d6rebro Hockeys st\u00f6rsta sponsorer, Elon \u00d6rebro.<\/p>\n<p>Elon \u00d6rebro tillh\u00f6r den trogna skaran och har varit med sedan f\u00f6reningen l\u00e5g i Hockeyallsvenskan.<\/p>\n<p>\u2013 Det \u00e4r fantastiskt att se vilka kliv f\u00f6reningen har gjort och givetvis finns det en extra stolthet i att ha varit med som partner fr\u00e5n att det har g\u00e5tt tyngre till att man i dag \u00e4r med och tampas i toppen av svensk hockey, s\u00e4ger Henning Johansson.<\/p>\n<p>Men storsponsorn Elon \u00d6rebro \u00e4r inte bara m\u00e5na om att st\u00f6tta hockeyn i staden.<\/p>\n<p>\u2013 Vi har en stolt historia av att st\u00f6tta idrotten i \u00d6rebro och det g\u00e4ller stora som sm\u00e5 f\u00f6reningar.<\/p>\n<p>Inom idrotten g\u00f6rs ofta kopplingen mellan stora bolag och sponsorskap till de st\u00f6rre klubbarna. S\u00e5 \u00e4r inte fallet f\u00f6r Elon \u00d6rebro, som \u00e4r del av en st\u00f6rre kedja men anser att lokalt engagemang f\u00f6r n\u00e4ridrotten trumfar allt.<\/p>\n<p>\u2013 Vi \u00e4r den enda lokala akt\u00f6ren i v\u00e5r bransch som bidrar till idrotten p\u00e5 ett brett s\u00e4tt. Vi \u00e4lskar \u00d6rebro och tror att en bredd inom idrott g\u00f6r en stad mer attraktiv, s\u00e4ger Henning Johansson.<\/p>\n<p>[\/et_pb_text][et_pb_image src=&#8221;https:\/\/kampanj.na.se\/idrottsgalan\/wp-content\/uploads\/2024\/02\/arets-lag-elon-2.jpg&#8221; title_text=&#8221;arets-lag-elon-2&#8243; _builder_version=&#8221;4.24.2&#8243; _module_preset=&#8221;default&#8221; custom_margin=&#8221;25px||25px||true|false&#8221; custom_padding=&#8221;0px||0px||true|false&#8221; global_colors_info=&#8221;{}&#8221;][\/et_pb_image][et_pb_text disabled_on=&#8221;on|on|on&#8221; _builder_version=&#8221;4.24.2&#8243; _module_preset=&#8221;default&#8221; text_text_color=&#8221;#505762&#8243; text_line_height=&#8221;1.3em&#8221; header_5_font=&#8221;Inter||||||||&#8221; header_5_text_color=&#8221;#505762&#8243; width_tablet=&#8221;100%&#8221; width_phone=&#8221;100%&#8221; width_last_edited=&#8221;off|desktop&#8221; custom_margin=&#8221;0px||25px||false|false&#8221; custom_padding=&#8221;0px||0px||false|false&#8221; custom_padding_tablet=&#8221;|||20px|false|false&#8221; custom_padding_phone=&#8221;|||20px|false|false&#8221; custom_padding_last_edited=&#8221;off|desktop&#8221; disabled=&#8221;on&#8221; locked=&#8221;off&#8221; global_colors_info=&#8221;{}&#8221;]<\/p>\n<p>Bildtext.<\/p>\n<p>[\/et_pb_text][et_pb_text module_class=&#8221;tiempos-txt&#8221; _builder_version=&#8221;4.24.2&#8243; _module_preset=&#8221;default&#8221; text_text_color=&#8221;#191919&#8243; text_font_size=&#8221;18px&#8221; link_font=&#8221;Inter|700|||||||&#8221; link_text_color=&#8221;#1d3965&#8243; header_2_font_size=&#8221;24px&#8221; width_tablet=&#8221;100%&#8221; width_phone=&#8221;100%&#8221; width_last_edited=&#8221;off|desktop&#8221; custom_padding=&#8221;||||false|false&#8221; header_2_font_size_last_edited=&#8221;off|phone&#8221; custom_css_free_form=&#8221;h2{||  padding-bottom:0px;||  margin-bottom:8px;||}&#8221; global_colors_info=&#8221;{}&#8221;]<\/p>\n<h2>Vill fr\u00e4mja ungdomsidrotten<\/h2>\n<p>F\u00f6r Elon \u00d6rebro har det varit minst lika viktigt att vara en resurs till ungdomsidrotten i stan, s\u00e5v\u00e4l inom lagidrott som individuella sporter.<\/p>\n<p>\u2013 Vi vill fr\u00e4mja idrottandet bland unga och ser ett stort v\u00e4rde i att hj\u00e4lpa till att alla som vill ut\u00f6va idrott f\u00e5r den m\u00f6jligheten oavsett om det handlar om fotboll, hockey, simning eller ridsport.<\/p>\n<p>Som stort bolag har man aldrig k\u00e4nt n\u00e5gon skyldighet att g\u00e5 in som sponsorer, utan drivkraften ligger i k\u00e4rleken till staden.<\/p>\n<p>\u2013 Det finns inget krav p\u00e5 att g\u00f6ra den h\u00e4r st\u00f6ttningen, det \u00e4r n\u00e5got vi v\u00e4ljer att g\u00f6ra f\u00f6r att vi brinner f\u00f6r f\u00f6reningslivet och f\u00f6r att vi p\u00e5 Elon \u00d6rebro sj\u00e4lva vet hur viktigt det \u00e4r med ett lokalt st\u00f6d fr\u00e5n kunder, leverant\u00f6rer och samarbetspartners.<\/p>\n<p>\u2013 Det vi f\u00e5r fr\u00e5n er i \u00d6rebro, vill vi ocks\u00e5 vara med och ge tillbaka, avslutar Henning Johansson.<\/p>\n<p>Elon \u00d6rebro \u00e4r stolta sponsorer till bland andra \u00d6rebro Hockey \u00d6SK Fotboll, KIF \u00d6rebro och \u00d6rebro Sim- allians med flera.<\/p>\n<p><a href=\"https:\/\/www.instagram.com\/elon.orebro\/\" target=\"_blank\" rel=\"noopener\"><strong>EXTERN L\u00c4NK: Klicka h\u00e4r f\u00f6r att h\u00e4nga med bakom kulisserna hemma hos Elon \u00d6rebro<\/strong><\/a><\/p>\n<p>[\/et_pb_text][\/et_pb_column][\/et_pb_row][\/et_pb_section]<\/p>\n","protected":false},"excerpt":{"rendered":"<p>Kr\u00f6nikaLokalt engagemang driver storsponsorn: \u201cIngen kr\u00e4ver det av oss\u201dN\u00e4r \u00d6rebros Idrottsgala gick av stapeln var Elon \u00d6rebro med som eventpartner och delade ut priset till \u00c5rets lag: \u00d6rebro Hockey.Inneh\u00e5ll fr\u00e5n Elon &#8211; stolt partner till \u00d6rebro Idrottsgala 2024.Bildtext.EXTERN L\u00c4NK: Se det breda utbudet av k\u00f6k, sm\u00e5el och vitvaror hos Elon \u00d6rebro h\u00e4r \u00d6rebro Hockeys m\u00e4ktiga [&hellip;]<\/p>\n","protected":false},"author":1,"featured_media":1191,"comment_status":"closed","ping_status":"closed","sticky":false,"template":"","format":"standard","meta":{"_et_pb_use_builder":"on","_et_pb_old_content":"","_et_gb_content_width":"","footnotes":""},"categories":[12],"tags":[],"class_list":["post-1182","post","type-post","status-publish","format-standard","has-post-thumbnail","hentry","category-idrottsgalan-2024"],"_links":{"self":[{"href":"https:\/\/kampanj.na.se\/idrottsgalan\/wp-json\/wp\/v2\/posts\/1182","targetHints":{"allow":["GET"]}}],"collection":[{"href":"https:\/\/kampanj.na.se\/idrottsgalan\/wp-json\/wp\/v2\/posts"}],"about":[{"href":"https:\/\/kampanj.na.se\/idrottsgalan\/wp-json\/wp\/v2\/types\/post"}],"author":[{"embeddable":true,"href":"https:\/\/kampanj.na.se\/idrottsgalan\/wp-json\/wp\/v2\/users\/1"}],"replies":[{"embeddable":true,"href":"https:\/\/kampanj.na.se\/idrottsgalan\/wp-json\/wp\/v2\/comments?post=1182"}],"version-history":[{"count":15,"href":"https:\/\/kampanj.na.se\/idrottsgalan\/wp-json\/wp\/v2\/posts\/1182\/revisions"}],"predecessor-version":[{"id":1700,"href":"https:\/\/kampanj.na.se\/idrottsgalan\/wp-json\/wp\/v2\/posts\/1182\/revisions\/1700"}],"wp:featuredmedia":[{"embeddable":true,"href":"https:\/\/kampanj.na.se\/idrottsgalan\/wp-json\/wp\/v2\/media\/1191"}],"wp:attachment":[{"href":"https:\/\/kampanj.na.se\/idrottsgalan\/wp-json\/wp\/v2\/media?parent=1182"}],"wp:term":[{"taxonomy":"category","embeddable":true,"href":"https:\/\/kampanj.na.se\/idrottsgalan\/wp-json\/wp\/v2\/categories?post=1182"},{"taxonomy":"post_tag","embeddable":true,"href":"https:\/\/kampanj.na.se\/idrottsgalan\/wp-json\/wp\/v2\/tags?post=1182"}],"curies":[{"name":"wp","href":"https:\/\/api.w.org\/{rel}","templated":true}]}}